{"id":144474,"date":"2025-11-08T18:08:13","date_gmt":"2025-11-08T18:08:13","guid":{"rendered":"https:\/\/www.europesays.com\/pt\/144474\/"},"modified":"2025-11-08T18:08:13","modified_gmt":"2025-11-08T18:08:13","slug":"familia-de-pedro-jorge-quebra-o-silencio-apos-decisao-de-bruno-savate","status":"publish","type":"post","link":"https:\/\/www.europesays.com\/pt\/144474\/","title":{"rendered":"Fam\u00edlia de Pedro Jorge quebra o sil\u00eancio&#8230; ap\u00f3s decis\u00e3o de Bruno Savate!"},"content":{"rendered":"<p>Atento \u00e0 atual edi\u00e7\u00e3o de &#8220;<a href=\"https:\/\/tvi.iol.pt\/secretstory\/\" target=\"_blank\" rel=\"nofollow noopener\">Secret Story &#8211; Casa dos Segredos<\/a>&#8220;, Bruno Savate tomou a decis\u00e3o de enviar um avi\u00e3o de apoio a um dos respetivos concorrentes favoritos: <a href=\"https:\/\/selfie.iol.pt\/famosos\/casa-dos-segredos-9\/que-coincidencia-antes-de-secret-story-pedro-jorge-deixou-mensagem-enigmatica-sobre-ciumes-e-marisa-respondeu\/20251107\/690e4872d34e3caad84b0aec\" target=\"_blank\" rel=\"nofollow noopener\">Pedro Jorge<\/a>.<\/p>\n<p>No Instagram, a fam\u00edlia do concorrente do reality show da <a href=\"https:\/\/tvi.iol.pt\/\" target=\"_blank\" rel=\"nofollow noopener\">TVI<\/a> n\u00e3o se mostrou indiferente e j\u00e1 se manifestou a prop\u00f3sito desta decis\u00e3o.<\/p>\n<p>&#8220;O nosso Pedro recebeu n\u00e3o um, mas dois avi\u00f5es de apoio, enviados com muito carinho pelo [Bruno] Savate e por todos voc\u00eas que continuam a apoiar e a acreditar nele!&#8221;, pode ler-se numa mensagem que acrescenta: &#8220;A for\u00e7a que vem do c\u00e9u \u00e9 a mesma que sentimos todos os dias nos vossos coment\u00e1rios, nas mensagens e no apoio constante, e \u00e9 por isso que cada voto conta!&#8221;<\/p>\n<p>&#8220;N\u00e3o temos palavras que cheguem para agradecer todo este apoio ao nosso Pedro, obrigado!&#8221;, completa essa missiva.<\/p>\n<p>Veja, agora, algumas das melhores imagens de Pedro Jorge e Bruno Savate nas galerias de fotografias que prepar\u00e1mos para si.<\/p>\n<blockquote class=\"instagram-media\" data-instgrm-captioned=\"\" data-instgrm-permalink=\"https:\/\/www.instagram.com\/p\/DQy-Ui4CGFg\/?utm_source=ig_embed&amp;utm_campaign=loading\" data-instgrm-version=\"14\" style=\" background:#FFF; border:0; border-radius:3px; box-shadow:0 0 1px 0 rgba(0,0,0,0.5),0 1px 10px 0 rgba(0,0,0,0.15); margin: 1px; max-width:540px; min-width:326px; padding:0; width:99.375%; width:-webkit-calc(100% - 2px); width:calc(100% - 2px);\">\n<\/blockquote>\n<p>                        <script async src=\"\/\/www.instagram.com\/embed.js\"><\/script><\/p>\n","protected":false},"excerpt":{"rendered":"Atento \u00e0 atual edi\u00e7\u00e3o de &#8220;Secret Story &#8211; Casa dos Segredos&#8220;, Bruno Savate tomou a decis\u00e3o de enviar&hellip;\n","protected":false},"author":2,"featured_media":144475,"comment_status":"","ping_status":"","sticky":false,"template":"","format":"standard","meta":{"footnotes":""},"categories":[142],"tags":[1253,2632,114,115,980,1015,619,21416,32,33,1014,1315,1012,151,162],"class_list":{"0":"post-144474","1":"post","2":"type-post","3":"status-publish","4":"format-standard","5":"has-post-thumbnail","7":"category-tv","8":"tag-bruno-savate","9":"tag-casa-dos-segredos","10":"tag-entertainment","11":"tag-entretenimento","12":"tag-famosos","13":"tag-instagram","14":"tag-nacional","15":"tag-pedro-jorge","16":"tag-portugal","17":"tag-pt","18":"tag-reality-show","19":"tag-secret-story","20":"tag-selfie","21":"tag-tv","22":"tag-tvi"},"share_on_mastodon":{"url":"https:\/\/pubeurope.com\/@pt\/115515418392052709","error":""},"_links":{"self":[{"href":"https:\/\/www.europesays.com\/pt\/wp-json\/wp\/v2\/posts\/144474","targetHints":{"allow":["GET"]}}],"collection":[{"href":"https:\/\/www.europesays.com\/pt\/wp-json\/wp\/v2\/posts"}],"about":[{"href":"https:\/\/www.europesays.com\/pt\/wp-json\/wp\/v2\/types\/post"}],"author":[{"embeddable":true,"href":"https:\/\/www.europesays.com\/pt\/wp-json\/wp\/v2\/users\/2"}],"replies":[{"embeddable":true,"href":"https:\/\/www.europesays.com\/pt\/wp-json\/wp\/v2\/comments?post=144474"}],"version-history":[{"count":0,"href":"https:\/\/www.europesays.com\/pt\/wp-json\/wp\/v2\/posts\/144474\/revisions"}],"wp:featuredmedia":[{"embeddable":true,"href":"https:\/\/www.europesays.com\/pt\/wp-json\/wp\/v2\/media\/144475"}],"wp:attachment":[{"href":"https:\/\/www.europesays.com\/pt\/wp-json\/wp\/v2\/media?parent=144474"}],"wp:term":[{"taxonomy":"category","embeddable":true,"href":"https:\/\/www.europesays.com\/pt\/wp-json\/wp\/v2\/categories?post=144474"},{"taxonomy":"post_tag","embeddable":true,"href":"https:\/\/www.europesays.com\/pt\/wp-json\/wp\/v2\/tags?post=144474"}],"curies":[{"name":"wp","href":"https:\/\/api.w.org\/{rel}","templated":true}]}}