{"id":144504,"date":"2025-11-08T18:36:16","date_gmt":"2025-11-08T18:36:16","guid":{"rendered":"https:\/\/www.europesays.com\/pt\/144504\/"},"modified":"2025-11-08T18:36:16","modified_gmt":"2025-11-08T18:36:16","slug":"de-volta-joana-diniz-reencontra-amor-que-e-um-ex-concorrente-de-secret-story-e-ha-uma-novidade","status":"publish","type":"post","link":"https:\/\/www.europesays.com\/pt\/144504\/","title":{"rendered":"&#8220;De volta&#8221;: Joana Diniz reencontra &#8220;amor&#8221;&#8230; que \u00e9 um ex-concorrente de &#8220;Secret Story&#8221;! E h\u00e1 uma novidade&#8230;"},"content":{"rendered":"<p>N\u00e3o h\u00e1 d\u00favidas: existem amizades em &#8220;<a href=\"https:\/\/tvi.iol.pt\/secretstory\/\" target=\"_blank\" rel=\"nofollow noopener\">Secret Story<\/a>&#8221; que se prolongam para al\u00e9m das quatro paredes da &#8220;Casa dos Segredos&#8221;. \u00c9 o caso de <a href=\"https:\/\/selfie.iol.pt\/famosos\/casa-dos-segredos\/o-impossivel-vira-possivel-apos-drastica-mudanca-joana-diniz-revela-novidade-sobre-ex-concorrente-de-secret-story\/20251101\/69060998d34e2bd5c6d382dd\" target=\"_blank\" rel=\"nofollow noopener\">Joana Diniz<\/a> e <a href=\"https:\/\/selfie.iol.pt\/famosos\/big-brother\/namorar-com-ela-joao-ricardo-quebra-o-silencio-sobre-relacao-com-marcia-soares\/20251105\/690b45d7d34e2bd5c6d3a720\" target=\"_blank\" rel=\"nofollow noopener\">Jo\u00e3o Ricardo<\/a>, que se conheceram na edi\u00e7\u00e3o deste ano de &#8220;Secret Story &#8211; Desafio Final&#8221; e se tornaram insepar\u00e1veis at\u00e9 hoje.<\/p>\n<p>Por exemplo, no Instagram, frequentemente, <a href=\"https:\/\/selfie.iol.pt\/famosos\/casa-dos-segredos\/a-pedido-de-muita-gente-apos-imagens-ineditas-joana-diniz-declara-se-a-um-ex-concorrente-de-secret-story\/20251018\/68f383e2d34ee0c2fed16621\" target=\"_blank\" rel=\"nofollow noopener\">ambos os amigos trocam declara\u00e7\u00f5es de amor<\/a> e Joana Diniz at\u00e9 foi respons\u00e1vel por uma mudan\u00e7a dr\u00e1stica no look de Jo\u00e3o Ricardo, que, durante uma semana, ficou loiro.<\/p>\n<p>Entretanto, o antigo participante do reality show da <a href=\"https:\/\/tvi.iol.pt\/\" target=\"_blank\" rel=\"nofollow noopener\">TVI<\/a> j\u00e1 transformou novamente o visual, surgindo com o look original: moreno.<\/p>\n<p>&#8220;De volta&#8221;, assinalou Jo\u00e3o Ricardo na legenda de uma fotografia, na qual surge, sorridente, ao lado de Joana Diniz.<\/p>\n<p>Veja, agora, algumas das melhores imagens de Joana Diniz e Jo\u00e3o Ricardo nas galerias de fotografias que prepar\u00e1mos para si.<\/p>\n<p><img decoding=\"async\" alt=\"\" onclick=\"\" src=\"https:\/\/www.europesays.com\/pt\/wp-content\/uploads\/2025\/11\/1762626976_201_1024.jpeg\" title=\"Joana Diniz\"\/><\/p>\n","protected":false},"excerpt":{"rendered":"N\u00e3o h\u00e1 d\u00favidas: existem amizades em &#8220;Secret Story&#8221; que se prolongam para al\u00e9m das quatro paredes da &#8220;Casa&hellip;\n","protected":false},"author":2,"featured_media":144505,"comment_status":"","ping_status":"","sticky":false,"template":"","format":"standard","meta":{"footnotes":""},"categories":[142],"tags":[6041,2632,114,115,980,1015,3213,1829,619,32,33,1014,1315,1012,151,162],"class_list":{"0":"post-144504","1":"post","2":"type-post","3":"status-publish","4":"format-standard","5":"has-post-thumbnail","7":"category-tv","8":"tag-cabelo","9":"tag-casa-dos-segredos","10":"tag-entertainment","11":"tag-entretenimento","12":"tag-famosos","13":"tag-instagram","14":"tag-joana-diniz","15":"tag-joao-ricardo","16":"tag-nacional","17":"tag-portugal","18":"tag-pt","19":"tag-reality-show","20":"tag-secret-story","21":"tag-selfie","22":"tag-tv","23":"tag-tvi"},"share_on_mastodon":{"url":"https:\/\/pubeurope.com\/@pt\/115515528666335180","error":""},"_links":{"self":[{"href":"https:\/\/www.europesays.com\/pt\/wp-json\/wp\/v2\/posts\/144504","targetHints":{"allow":["GET"]}}],"collection":[{"href":"https:\/\/www.europesays.com\/pt\/wp-json\/wp\/v2\/posts"}],"about":[{"href":"https:\/\/www.europesays.com\/pt\/wp-json\/wp\/v2\/types\/post"}],"author":[{"embeddable":true,"href":"https:\/\/www.europesays.com\/pt\/wp-json\/wp\/v2\/users\/2"}],"replies":[{"embeddable":true,"href":"https:\/\/www.europesays.com\/pt\/wp-json\/wp\/v2\/comments?post=144504"}],"version-history":[{"count":0,"href":"https:\/\/www.europesays.com\/pt\/wp-json\/wp\/v2\/posts\/144504\/revisions"}],"wp:featuredmedia":[{"embeddable":true,"href":"https:\/\/www.europesays.com\/pt\/wp-json\/wp\/v2\/media\/144505"}],"wp:attachment":[{"href":"https:\/\/www.europesays.com\/pt\/wp-json\/wp\/v2\/media?parent=144504"}],"wp:term":[{"taxonomy":"category","embeddable":true,"href":"https:\/\/www.europesays.com\/pt\/wp-json\/wp\/v2\/categories?post=144504"},{"taxonomy":"post_tag","embeddable":true,"href":"https:\/\/www.europesays.com\/pt\/wp-json\/wp\/v2\/tags?post=144504"}],"curies":[{"name":"wp","href":"https:\/\/api.w.org\/{rel}","templated":true}]}}