{"id":144506,"date":"2025-11-08T18:39:08","date_gmt":"2025-11-08T18:39:08","guid":{"rendered":"https:\/\/www.europesays.com\/pt\/144506\/"},"modified":"2025-11-08T18:39:08","modified_gmt":"2025-11-08T18:39:08","slug":"video-ronaldo-e-felix-marcam-e-al-nassr-isola-se-na-lideranca","status":"publish","type":"post","link":"https:\/\/www.europesays.com\/pt\/144506\/","title":{"rendered":"V\u00cdDEO: Ronaldo e F\u00e9lix marcam e Al Nassr isola-se na lideran\u00e7a"},"content":{"rendered":"<p style=\"margin-bottom:11px\">No regresso ao campeonato ap\u00f3s vit\u00f3ria na Champions 2 da \u00c1sia, o <a href=\"https:\/\/maisfutebol.iol.pt\/jogo\/neom\/alnassr\/13830033\" rel=\"nofollow noopener\" target=\"_blank\">Al Nassr controlou na visita ao Neom, vencendo por 3-1.<\/a> Na tarde deste s\u00e1bado, em encontro da oitava jornada, Cristiano Ronaldo e Jo\u00e3o F\u00e9lix foram totalistas, enquanto Lu\u00eds Maximiano (ex-Sporting) defendeu a baliza dos anfitri\u00f5es.<\/p>\n<p>Depois de uma primeira parte com ascendente dos comandados de Jorge Jesus, o marcador foi inaugurado aos 47 minutos. Na sequ\u00eancia de um livre em zona frontal cobrado por Cristiano Ronaldo, o esf\u00e9rico embateu na barreira e ressaltou para \u00c2ngelo, avan\u00e7ado que encheu o p\u00e9 e assinou a estreia a marcar no campeonato.<\/p>\n<p>Na resposta, o Neom at\u00e9 restabeleceu a igualdade pelo avan\u00e7ado Luciano Rodr\u00edguez. Todavia, o uruguaio tinha um ombro em fora de jogo. Pouco depois, Rodr\u00edguez atingiu o pesco\u00e7o de um advers\u00e1rio com o cotovelo, vendo o cart\u00e3o vermelho direto. Estavam decorridos 56 minutos.<\/p>\n<p>Sete minutos volvidos, Maximiano agigantou-se para travar Ronaldo, mas, na insist\u00eancia Jo\u00e3o F\u00e9lix foi agarrado pelo m\u00e9dio Doucour\u00e9. Por isso, o rel\u00f3gio indicava 65 minutos quando Cristiano Ronaldo atingiu o golo n\u00famero 953 na carreira, o nono no campeonato. O capit\u00e3o do Al Nassr rematou ligeiramente para a direita, enquanto Maximiano voou na dire\u00e7\u00e3o oposta.<\/p>\n<blockquote class=\"twitter-tweet\" data-media-max-width=\"560\">\n<p lang=\"pt\">Mais um para CR7 \ud83d\udc10<a href=\"https:\/\/twitter.com\/hashtag\/sporttvportugal?src=hash&amp;ref_src=twsrc%5Etfw\" rel=\"nofollow noopener\" target=\"_blank\">#sporttvportugal<\/a> <a href=\"https:\/\/twitter.com\/hashtag\/SAUDInasporttv?src=hash&amp;ref_src=twsrc%5Etfw\" rel=\"nofollow noopener\" target=\"_blank\">#SAUDInasporttv<\/a> <a href=\"https:\/\/twitter.com\/hashtag\/Neom?src=hash&amp;ref_src=twsrc%5Etfw\" rel=\"nofollow noopener\" target=\"_blank\">#Neom<\/a> <a href=\"https:\/\/twitter.com\/hashtag\/AlNassr?src=hash&amp;ref_src=twsrc%5Etfw\" rel=\"nofollow noopener\" target=\"_blank\">#AlNassr<\/a> <a href=\"https:\/\/twitter.com\/hashtag\/BetclicSaudita?src=hash&amp;ref_src=twsrc%5Etfw\" rel=\"nofollow noopener\" target=\"_blank\">#BetclicSaudita<\/a> <a href=\"https:\/\/t.co\/zenEmAmHAQ\" rel=\"nofollow\">pic.twitter.com\/zenEmAmHAQ<\/a><\/p>\n<p> \u2014 sport tv (@sporttvportugal)<br \/>\n  <a href=\"https:\/\/twitter.com\/sporttvportugal\/status\/1987183568091508767?ref_src=twsrc%5Etfw\" rel=\"nofollow noopener\" target=\"_blank\">November 8, 2025<\/a>\n <\/p><\/blockquote>\n<p>Entre trocas, o avan\u00e7ado Ahmed Abdu aproveitou o comodismo do Al Nassr para reduzir aos 84 minutos. Acelerou na profundidade e relan\u00e7ou a partida.<\/p>\n<p>Contudo, na rea\u00e7\u00e3o, Jo\u00e3o F\u00e9lix agradeceu uma perda de bola \u00e0 entrada da \u00e1rea do Neom para rematar colocado, sem hip\u00f3teses para Lu\u00eds Maximiano. Um gola\u00e7o que devolveu F\u00e9lix \u00e0 lideran\u00e7a isolada da lista dos melhores marcadores do campeonato, agora com dez golos.<\/p>\n<blockquote class=\"twitter-tweet\" data-media-max-width=\"560\">\n<p lang=\"pt\">Jo\u00e3o F\u00e9lix com um gola\u00e7o \ud83d\ude0d<a href=\"https:\/\/twitter.com\/hashtag\/sporttvportugal?src=hash&amp;ref_src=twsrc%5Etfw\" rel=\"nofollow noopener\" target=\"_blank\">#sporttvportugal<\/a> <a href=\"https:\/\/twitter.com\/hashtag\/SAUDInasporttv?src=hash&amp;ref_src=twsrc%5Etfw\" rel=\"nofollow noopener\" target=\"_blank\">#SAUDInasporttv<\/a> <a href=\"https:\/\/twitter.com\/hashtag\/Neom?src=hash&amp;ref_src=twsrc%5Etfw\" rel=\"nofollow noopener\" target=\"_blank\">#Neom<\/a> <a href=\"https:\/\/twitter.com\/hashtag\/AlNassr?src=hash&amp;ref_src=twsrc%5Etfw\" rel=\"nofollow noopener\" target=\"_blank\">#AlNassr<\/a> <a href=\"https:\/\/twitter.com\/hashtag\/BetclicSaudita?src=hash&amp;ref_src=twsrc%5Etfw\" rel=\"nofollow noopener\" target=\"_blank\">#BetclicSaudita<\/a> <a href=\"https:\/\/t.co\/PwNAZZJ2nN\" rel=\"nofollow\">pic.twitter.com\/PwNAZZJ2nN<\/a><\/p>\n<p> \u2014 sport tv (@sporttvportugal)<br \/>\n  <a href=\"https:\/\/twitter.com\/sporttvportugal\/status\/1987184007390417155?ref_src=twsrc%5Etfw\" rel=\"nofollow noopener\" target=\"_blank\">November 8, 2025<\/a>\n <\/p><\/blockquote>\n<p>Assim, o <a href=\"https:\/\/maisfutebol.iol.pt\/jogo\/neom\/alnassr\/13830033\" rel=\"nofollow noopener\" target=\"_blank\">Al Nassr isola-se na lideran\u00e7a com 24 pontos, enquanto o Neom \u00e9 s\u00e9timo, com 13 pontos<\/a>. No calend\u00e1rio dos pupilos de Jorge Jesus segue-se a rece\u00e7\u00e3o ao Al Khaleej (5.\u00ba), a 23 de novembro.<\/p>\n<p>                                <script async src=\"https:\/\/platform.twitter.com\/widgets.js\" charset=\"utf-8\"><\/script><\/p>\n","protected":false},"excerpt":{"rendered":"No regresso ao campeonato ap\u00f3s vit\u00f3ria na Champions 2 da \u00c1sia, o Al Nassr controlou na visita ao&hellip;\n","protected":false},"author":2,"featured_media":144507,"comment_status":"","ping_status":"","sticky":false,"template":"","format":"standard","meta":{"footnotes":""},"categories":[87],"tags":[685,1145,667,135,2039,82,903,1147,31784,436,46,16779,32,33,47,527,5434,5920,669,134],"class_list":{"0":"post-144506","1":"post","2":"type-post","3":"status-publish","4":"format-standard","5":"has-post-thumbnail","7":"category-desporto","8":"tag-al-nassr","9":"tag-arabia-saudita","10":"tag-cristiano-ronaldo","11":"tag-desporto","12":"tag-felix","13":"tag-internacional","14":"tag-joao-felix","15":"tag-jorge-jesus","16":"tag-luis-maximiano","17":"tag-made-in","18":"tag-maisfutebol","19":"tag-neom","20":"tag-portugal","21":"tag-pt","22":"tag-pura-paixao","23":"tag-resultados","24":"tag-resultados-hoje","25":"tag-resultados-maisfutebol","26":"tag-ronaldo","27":"tag-sports"},"share_on_mastodon":{"url":"https:\/\/pubeurope.com\/@pt\/115515540531404430","error":""},"_links":{"self":[{"href":"https:\/\/www.europesays.com\/pt\/wp-json\/wp\/v2\/posts\/144506","targetHints":{"allow":["GET"]}}],"collection":[{"href":"https:\/\/www.europesays.com\/pt\/wp-json\/wp\/v2\/posts"}],"about":[{"href":"https:\/\/www.europesays.com\/pt\/wp-json\/wp\/v2\/types\/post"}],"author":[{"embeddable":true,"href":"https:\/\/www.europesays.com\/pt\/wp-json\/wp\/v2\/users\/2"}],"replies":[{"embeddable":true,"href":"https:\/\/www.europesays.com\/pt\/wp-json\/wp\/v2\/comments?post=144506"}],"version-history":[{"count":0,"href":"https:\/\/www.europesays.com\/pt\/wp-json\/wp\/v2\/posts\/144506\/revisions"}],"wp:featuredmedia":[{"embeddable":true,"href":"https:\/\/www.europesays.com\/pt\/wp-json\/wp\/v2\/media\/144507"}],"wp:attachment":[{"href":"https:\/\/www.europesays.com\/pt\/wp-json\/wp\/v2\/media?parent=144506"}],"wp:term":[{"taxonomy":"category","embeddable":true,"href":"https:\/\/www.europesays.com\/pt\/wp-json\/wp\/v2\/categories?post=144506"},{"taxonomy":"post_tag","embeddable":true,"href":"https:\/\/www.europesays.com\/pt\/wp-json\/wp\/v2\/tags?post=144506"}],"curies":[{"name":"wp","href":"https:\/\/api.w.org\/{rel}","templated":true}]}}