{"id":144514,"date":"2025-11-08T18:45:11","date_gmt":"2025-11-08T18:45:11","guid":{"rendered":"https:\/\/www.europesays.com\/pt\/144514\/"},"modified":"2025-11-08T18:45:11","modified_gmt":"2025-11-08T18:45:11","slug":"carneiro-pede-a-montenegro-que-intervenha-em-relacao-a-estudantes-vindos-da-ucrania","status":"publish","type":"post","link":"https:\/\/www.europesays.com\/pt\/144514\/","title":{"rendered":"Carneiro pede a Montenegro que intervenha em rela\u00e7\u00e3o a estudantes vindos da Ucr\u00e2nia"},"content":{"rendered":"<p>&#13;<br \/>\nEm carta dirigida ao primeiro-ministro, com data de sexta-feira, a que a ag\u00eancia Lusa teve acesso, Jos\u00e9 Lu\u00eds Carneiro refere que teve conhecimento de que v\u00e1rios desses jovens &#8220;est\u00e3o a ser notificados da inten\u00e7\u00e3o (ou mesmo da decis\u00e3o final) de cancelamento do referido estatuto e de necessidade de sa\u00edda do pa\u00eds&#8221; e que j\u00e1 teve oportunidade de se &#8220;reunir com um grupo dos seus representantes que apresentaram a sua situa\u00e7\u00e3o dram\u00e1tica e a perplexidade pela s\u00fabita reavalia\u00e7\u00e3o da sua situa\u00e7\u00e3o&#8221;.&#13;\n<\/p>\n<p>&#13;<br \/>\nO secret\u00e1rio-geral do PS apela ao primeiro-ministro &#8220;para que, junto do senhor ministro da Presid\u00eancia e dos servi\u00e7os por si tutelados, em particular da Ag\u00eancia para Integra\u00e7\u00e3o, Migra\u00e7\u00f5es e Asilo (AIMA), assegure com a humanidade que o caso convoca a tramita\u00e7\u00e3o ponderada de todas as situa\u00e7\u00f5es&#8221;.&#13;\n<\/p>\n<p>&#13;<br \/>\nJos\u00e9 Lu\u00eds Carneiro pede &#8220;a avalia\u00e7\u00e3o da possibilidade de enquadramento num t\u00edtulo adequado \u00e0 sua situa\u00e7\u00e3o sempre que os requisitos da prote\u00e7\u00e3o internacional n\u00e3o estejam reunidos e a devida articula\u00e7\u00e3o com as institui\u00e7\u00f5es de ensino que evite a interrup\u00e7\u00e3o e\/ou perturba\u00e7\u00e3o dos seus percursos acad\u00e9micos, nos quais a Rep\u00fablica Portuguesa j\u00e1 tanto investiu&#8221;.&#13;\n<\/p>\n<p>&#13;<br \/>\n&#8220;Ademais, estamos perante in\u00fameros casos de integra\u00e7\u00e3o bem-sucedida na vida acad\u00e9mica das suas institui\u00e7\u00f5es e das cidades que os acolhem desde 2022, dominando a l\u00edngua e prosseguindo estudos num dom\u00ednio profissional central para a vida da nossa comunidade, onde podem um dia potencialmente contribuir para o sucesso do sistema nacional de sa\u00fade ou do pr\u00f3prio SNS, caso se venham a radicar entre n\u00f3s&#8221;, argumenta o ex-ministro da Administra\u00e7\u00e3o Interna.&#13;\n<\/p>\n<p>&#13;<br \/>\nNo fim da carta, o secret\u00e1rio-geral do PS manifesta a expectativa de que, &#8220;perante a cria\u00e7\u00e3o de leg\u00edtimas aspira\u00e7\u00f5es a que pudessem prosseguir e concluir os seus estudos&#8221; em Portugal, o primeiro-ministro ter\u00e1 empenho &#8220;na garantia do tratamento justo e humano destes jovens, de acordo com as melhores tradi\u00e7\u00f5es que Portugal soube convocar no passado face a casos similares&#8221;.&#13;\n<\/p>\n<p>&#13;<br \/>\nEm causa est\u00e3o &#8220;jovens estudantes do ensino superior em institui\u00e7\u00f5es universit\u00e1rias portuguesas que, desde 2022, beneficiam de estatuto de prote\u00e7\u00e3o internacional concedido pelas autoridades nacionais ap\u00f3s a invas\u00e3o desencadeada pela Federa\u00e7\u00e3o Russa contra a Ucr\u00e2nia, onde prosseguiam os seus estudos&#8221;, enquadra Jos\u00e9 Lu\u00eds Carneiro.&#13;\n<\/p>\n<p>&#13;<br \/>\n&#8220;Apesar da diversidade de situa\u00e7\u00f5es relatadas, s\u00e3o na sua maioria estudantes de cursos de medicina, frequentando mesmo nalguns casos os anos finais das respetivas licenciaturas, tendo vindo a desenvolver os seus percursos acad\u00e9micos fazendo f\u00e9 nas expectativas geradas pelo acolhimento em Portugal e pela renova\u00e7\u00e3o sucessiva das suas matr\u00edculas e aus\u00eancia de contactos no sentido de uma eventual irregularidade do referido estatuto ou da precariedade da sua situa\u00e7\u00e3o enquanto prosseguissem os estudos&#8221;, acrescenta.&#13;\n<\/p>\n<p>&#13;<br \/>\nO secret\u00e1rio-geral do PS defende que, &#8220;sem preju\u00edzo da necess\u00e1ria avalia\u00e7\u00e3o de cada caso \u00e0 luz do direito vigente \u00e0 data do seu acolhimento a Portugal, que n\u00e3o se contesta, n\u00e3o deve a Rep\u00fablica ignorar as expectativas criadas junto desta comunidade, nem proceder de forma abrupta e sem sensibilidade para a situa\u00e7\u00e3o de fragilidade em que se encontram&#8221;.&#13;\n<\/p>\n<p>&#13;<br \/>\nJos\u00e9 Lu\u00eds Carneiro contesta que se atue &#8220;surpreendendo os estudantes j\u00e1 na imin\u00eancia do arranque do ano letivo com notifica\u00e7\u00f5es que podem ditar o fim da sua possibilidade de conclu\u00edrem os seus estudos e de, mais uma vez, terem de procurar novas institui\u00e7\u00f5es para o efeito&#8221;.&#13;<\/p>\n","protected":false},"excerpt":{"rendered":"&#13; Em carta dirigida ao primeiro-ministro, com data de sexta-feira, a que a ag\u00eancia Lusa teve acesso, Jos\u00e9&hellip;\n","protected":false},"author":2,"featured_media":144515,"comment_status":"","ping_status":"","sticky":false,"template":"","format":"standard","meta":{"footnotes":""},"categories":[10],"tags":[27,28,2473,15,16,14,31785,25,26,21,22,12,13,19,20,32,23,24,33,17,18,840,29,30,31],"class_list":{"0":"post-144514","1":"post","2":"type-post","3":"status-publish","4":"format-standard","5":"has-post-thumbnail","7":"category-portugal","8":"tag-breaking-news","9":"tag-breakingnews","10":"tag-carneiro","11":"tag-featured-news","12":"tag-featurednews","13":"tag-headlines","14":"tag-integracao-migracoes","15":"tag-latest-news","16":"tag-latestnews","17":"tag-main-news","18":"tag-mainnews","19":"tag-news","20":"tag-noticias","21":"tag-noticias-principais","22":"tag-noticiasprincipais","23":"tag-portugal","24":"tag-principais-noticias","25":"tag-principaisnoticias","26":"tag-pt","27":"tag-top-stories","28":"tag-topstories","29":"tag-ucrania","30":"tag-ultimas","31":"tag-ultimas-noticias","32":"tag-ultimasnoticias"},"share_on_mastodon":{"url":"https:\/\/pubeurope.com\/@pt\/115515564069034044","error":""},"_links":{"self":[{"href":"https:\/\/www.europesays.com\/pt\/wp-json\/wp\/v2\/posts\/144514","targetHints":{"allow":["GET"]}}],"collection":[{"href":"https:\/\/www.europesays.com\/pt\/wp-json\/wp\/v2\/posts"}],"about":[{"href":"https:\/\/www.europesays.com\/pt\/wp-json\/wp\/v2\/types\/post"}],"author":[{"embeddable":true,"href":"https:\/\/www.europesays.com\/pt\/wp-json\/wp\/v2\/users\/2"}],"replies":[{"embeddable":true,"href":"https:\/\/www.europesays.com\/pt\/wp-json\/wp\/v2\/comments?post=144514"}],"version-history":[{"count":0,"href":"https:\/\/www.europesays.com\/pt\/wp-json\/wp\/v2\/posts\/144514\/revisions"}],"wp:featuredmedia":[{"embeddable":true,"href":"https:\/\/www.europesays.com\/pt\/wp-json\/wp\/v2\/media\/144515"}],"wp:attachment":[{"href":"https:\/\/www.europesays.com\/pt\/wp-json\/wp\/v2\/media?parent=144514"}],"wp:term":[{"taxonomy":"category","embeddable":true,"href":"https:\/\/www.europesays.com\/pt\/wp-json\/wp\/v2\/categories?post=144514"},{"taxonomy":"post_tag","embeddable":true,"href":"https:\/\/www.europesays.com\/pt\/wp-json\/wp\/v2\/tags?post=144514"}],"curies":[{"name":"wp","href":"https:\/\/api.w.org\/{rel}","templated":true}]}}