{"id":14452,"date":"2025-08-03T17:09:09","date_gmt":"2025-08-03T17:09:09","guid":{"rendered":"https:\/\/www.europesays.com\/pt\/14452\/"},"modified":"2025-08-03T17:09:09","modified_gmt":"2025-08-03T17:09:09","slug":"a-polemica-por-tras-da-autoria-de-uma-das-fotos-mais-famosas-da-historia-2","status":"publish","type":"post","link":"https:\/\/www.europesays.com\/pt\/14452\/","title":{"rendered":"A pol\u00eamica por tr\u00e1s da autoria de uma das fotos mais famosas da hist\u00f3ria"},"content":{"rendered":"<p><img fetchpriority=\"high\" decoding=\"async\" src=\"https:\/\/www.europesays.com\/pt\/wp-content\/uploads\/2025\/08\/e971b9b0-3c75-11f0-bd09-85867b04fa4e.jpg.webp.webp\"   alt=\"For\u00e7as sul-vietnamitas seguem crian\u00e7as aterrorizadas, incluindo Kim Phuc, de 9 anos, ao centro, enquanto elas correm pela Rota 1 perto de Trang Bang ap\u00f3s um ataque a\u00e9reo de napalm contra supostos esconderijos do Viet Cong, em 8 de junho de 1972.\" loading=\"eager\" width=\"6000\" height=\"3375\" style=\"aspect-ratio:6000 \/ 3375\" class=\"bbc-139onq\"\/><\/p>\n<p class=\"bbc-by8ykd\" role=\"text\">Cr\u00e9dito, AP<\/p>\n<p>Legenda da foto, Nick Ut ganhou um Pulitzer e diversos outros pr\u00eamios pela foto chamada &#8220;O terror da guerra&#8221;, conhecida popularmente como &#8220;A menina de napalm&#8221;<strong id=\"article-byline\" aria-hidden=\"true\" class=\"bbc-m04vo2\">Article Information<\/strong><\/p>\n<ul class=\"bbc-1rvtlej\">\n<li class=\"bbc-oe8da4\">\n<ul role=\"list\" class=\"bbc-r1yif8\">\n<li>Author, Bui Thu, MyHang Tran, Bui Hai e Grace Tsoi<\/li>\n<li>Role,  Servi\u00e7o vietnamita da BBC e Servi\u00e7o Mundial da BBC<\/li>\n<li>Reporting from  Bangkok e Hong Kong<\/li>\n<\/ul>\n<\/li>\n<li class=\"bbc-12x2qfl\">\n<p>2 agosto 2025<\/p>\n<\/li>\n<\/ul>\n<p dir=\"ltr\" class=\"bbc-hhl7in e17g058b0\">A imagem marcante <a href=\"https:\/\/www.bbc.com\/portuguese\/articles\/cxr005pz940o\" class=\"focusIndicatorReducedWidth bbc-n8oauk e1p3sufg0\" rel=\"nofollow noopener\" target=\"_blank\">da Guerra do Vietn\u00e3,<\/a> &#8220;Garota Napalm&#8221; tamb\u00e9m tem sido motivo de orgulho e aspira\u00e7\u00e3o para fotojornalistas vietnamitas: seu criador, Nick Ut, tornou-se o primeiro e \u00fanico fot\u00f3grafo vietnamita a ganhar um Pr\u00eamio Pulitzer.<\/p>\n<p dir=\"ltr\" class=\"bbc-hhl7in e17g058b0\">&#8220;Nick Ut foi o escolhido&#8221;, declarou um fot\u00f3grafo vietnamita que preferiu n\u00e3o ser identificado. Reverenciado como &#8220;Mestre&#8221;, Ut mora nos <a href=\"https:\/\/www.bbc.com\/portuguese\/topics\/cdr56r2r88wt\" class=\"focusIndicatorReducedWidth bbc-n8oauk e1p3sufg0\" rel=\"nofollow noopener\" target=\"_blank\">Estados Unidos<\/a> e viaja frequentemente para seu pa\u00eds natal, onde orientou gera\u00e7\u00f5es de fotojornalistas vietnamitas.<\/p>\n<p dir=\"ltr\" class=\"bbc-hhl7in e17g058b0\">Mas, mais de 50 anos depois, a autoria da imagem ic\u00f4nica foi questionada por um novo document\u00e1rio intitulado The Stringer, que estreou no Festival de Cinema de Sundance em janeiro.<\/p>\n<p dir=\"ltr\" class=\"bbc-hhl7in e17g058b0\">Com a ajuda da tecnologia moderna, o document\u00e1rio lan\u00e7ou uma alega\u00e7\u00e3o explosiva: afirma que a imagem foi tirada por Nguyen Thanh Nghe, um fot\u00f3grafo freelancer que agora tem 87 anos.<\/p>\n<p><img decoding=\"async\" src=\"https:\/\/www.europesays.com\/pt\/wp-content\/uploads\/2025\/08\/b01ab300-3f87-11f0-bd50-3fddfb5eed43.png.webp.webp\"   alt=\"Nguyen Thanh Nghe aparece na foto segurando uma c\u00e2mera parecida com uma Pentax \u00e0 esquerda; Nick Ut, usando um capacete, aparece no v\u00eddeo \u00e0 direita.\" loading=\"lazy\" width=\"1920\" height=\"1080\" style=\"aspect-ratio:1920 \/ 1080\" class=\"bbc-139onq\"\/><\/p>\n<p class=\"bbc-by8ykd\" role=\"text\">Cr\u00e9dito, Getty Images<\/p>\n<p>Legenda da foto, Em outra imagem do mesmo momento, Nguyen Thanh Nghe pode ser visto segurando uma c\u00e2mera parecida com uma Pentax (esquerda); \u00e0 direita, uma figura usando equipamento de prote\u00e7\u00e3o que poderia ser Nick Ut pode ser vista no v\u00eddeo (direita).<\/p>\n<p dir=\"ltr\" class=\"bbc-hhl7in e17g058b0\">Ap\u00f3s o document\u00e1rio, a World Press Photo (WPP) iniciou uma investiga\u00e7\u00e3o e decidiu suspender a atribui\u00e7\u00e3o da imagem a Ut, gerando profunda controv\u00e9rsia na comunidade fotojornal\u00edstica.<\/p>\n<p dir=\"ltr\" class=\"bbc-hhl7in e17g058b0\">&#8220;Para derrubar um her\u00f3i, uma figura lend\u00e1ria, \u00e9 preciso haver provas convincentes e suficientes&#8221;, disse outro fotojornalista vietnamita \u00e0 BBC.<\/p>\n<p dir=\"ltr\" class=\"bbc-hhl7in e17g058b0\">Na era digital, \u00e9 &#8220;raro&#8221; que uma \u00fanica imagem tenha tanto impacto, acrescentou. &#8220;Devemos ter cuidado. N\u00e3o devemos permitir que a controv\u00e9rsia prejudique o legado de uma foto t\u00e3o importante ou cause mais sofrimento.&#8221;<\/p>\n<p dir=\"ltr\" class=\"bbc-hhl7in e17g058b0\">A autenticidade da imagem n\u00e3o est\u00e1 em d\u00favida, mas a controv\u00e9rsia se tornou emocionalmente carregada porque o nome do fot\u00f3grafo tamb\u00e9m faz parte do registro hist\u00f3rico, disse Keith Greenwood, professor associado de fotojornalismo na Universidade do Missouri.<\/p>\n<p dir=\"ltr\" class=\"bbc-hhl7in e17g058b0\">&#8220;A Guerra do Vietn\u00e3 tem uma hist\u00f3ria complexa e ainda pode gerar sentimentos fortes. \u00c9 natural que questionar a foto tamb\u00e9m alimente alguns desses sentimentos&#8221;, concluiu.<\/p>\n<p><img decoding=\"async\" src=\"https:\/\/www.europesays.com\/pt\/wp-content\/uploads\/2025\/08\/06c89ca0-3f8b-11f0-904b-21729955b76d.png.webp.webp\"   alt=\"Imagens de v\u00eddeo mostrando uma figura borrada, que se acredita ser Ut, a alguma dist\u00e2ncia, logo ap\u00f3s a foto ter sido tirada.\" loading=\"lazy\" width=\"1776\" height=\"999\" style=\"aspect-ratio:1776 \/ 999\" class=\"bbc-139onq\"\/><\/p>\n<p class=\"bbc-by8ykd\" role=\"text\">Cr\u00e9dito, Getty Images\/World Press Photo<\/p>\n<p>Legenda da foto, Imagens de v\u00eddeo mostram uma figura borrada, que se acredita ser Ut, parada a alguma dist\u00e2ncia logo ap\u00f3s a foto ter sido tirada.<\/p>\n<p>A foto<\/p>\n<p dir=\"ltr\" class=\"bbc-hhl7in e17g058b0\">A imagem ic\u00f4nica foi tirada ap\u00f3s a For\u00e7a A\u00e9rea Sul-Vietnamita lan\u00e7ar um ataque de napalm que atingiu acidentalmente a vila de Trang Bang em 8 de junho de 1972. Kim Phuc, a pessoa fotografada, brincava com o irm\u00e3o e os primos no p\u00e1tio de um templo.<\/p>\n<p dir=\"ltr\" class=\"bbc-hhl7in e17g058b0\">Ut trabalhava para a Associated Press (AP) na \u00e9poca. O fot\u00f3grafo relatou que os moradores corriam por uma estrada pr\u00f3xima ap\u00f3s a explos\u00e3o. Ap\u00f3s fotografar uma av\u00f3 segurando uma crian\u00e7a, Ut viu Phuc correndo com os bra\u00e7os levantados. Ele correu para tirar fotos at\u00e9 ver a pele dela descascando. Ent\u00e3o, jogou \u00e1gua no corpo dela e levou as crian\u00e7as para um hospital.<\/p>\n<p dir=\"ltr\" class=\"bbc-hhl7in e17g058b0\">Antes das c\u00e2meras digitais, os fot\u00f3grafos \u2014 tanto funcion\u00e1rios de ag\u00eancias quanto freelancers \u2014 tinham que deixar seus filmes no escrit\u00f3rio. O editor da c\u00e2mara escura registrava os cr\u00e9ditos e revelava o filme. O fot\u00f3grafo-chefe ent\u00e3o decidia qual foto enviar para a sede da AP.<\/p>\n<p dir=\"ltr\" class=\"bbc-hhl7in e17g058b0\">&#8220;Quando voltei ao escrit\u00f3rio, gritei: &#8216;Tenho uma foto muito especial!&#8217; Todos se viraram para olhar&#8221;, disse Ut \u00e0 BBC em janeiro.<\/p>\n<p dir=\"ltr\" class=\"bbc-hhl7in e17g058b0\">Ut disse que ficou ao lado do editor da c\u00e2mara escura, Yuichi &#8220;Jackson&#8221; Ishizaki, enquanto revelava o filme. Ishizaki rotulou o filme com o nome de Ut e trouxe a imagem para a \u00e1rea principal.<\/p>\n<p dir=\"ltr\" class=\"bbc-hhl7in e17g058b0\">&#8220;Todos viram a foto, e algu\u00e9m chamou meu chefe, o fot\u00f3grafo-chefe Horst Faas, para voltar do almo\u00e7o imediatamente&#8221;, disse Ut.<\/p>\n<p dir=\"ltr\" class=\"bbc-hhl7in e17g058b0\">De acordo com Ut, Faas chegou antes do editor de fotografia Carl Robinson, e os dois discutiram sobre a publica\u00e7\u00e3o da foto. Robinson, respons\u00e1vel pelas legendas, considerou a imagem inadequada por conter nudez. Sua obje\u00e7\u00e3o foi rejeitada.<\/p>\n<p><img decoding=\"async\" src=\"https:\/\/www.europesays.com\/pt\/wp-content\/uploads\/2025\/08\/f2652960-3f8d-11f0-904b-21729955b76d.jpg.webp.webp\"   alt=\"Nguyen Thanh Nghe e Carl Robinson na estreia do document\u00e1rio &quot;The Stringer&quot; em janeiro de 2025 em Utah, EUA.\" loading=\"lazy\" width=\"4233\" height=\"2381\" style=\"aspect-ratio:4233 \/ 2381\" class=\"bbc-139onq\"\/><\/p>\n<p class=\"bbc-by8ykd\" role=\"text\">Cr\u00e9dito, Getty Images<\/p>\n<p>Legenda da foto, Nguyen Thanh Nghe e Carl Robinson na estreia do document\u00e1rio The Stringer.<\/p>\n<p dir=\"ltr\" class=\"bbc-hhl7in e17g058b0\">No entanto, Robinson relatou uma hist\u00f3ria muito diferente \u00e0 BBC.<\/p>\n<p dir=\"ltr\" class=\"bbc-hhl7in e17g058b0\">Ele disse que s\u00f3 encontrou Ishizaki e um t\u00e9cnico dentro da c\u00e2mara escura depois do almo\u00e7o. Segundo Robinson, os filmes j\u00e1 haviam sido revelados e preparados para an\u00e1lise. Havia duas fotos da mesma cena \u2014 uma de lado e outra de frente \u2014 em rolos diferentes, enviados por dois fot\u00f3grafos.<\/p>\n<p dir=\"ltr\" class=\"bbc-hhl7in e17g058b0\">Robinson viu um nome desconhecido no di\u00e1rio de bordo porque o jornalista freelancer n\u00e3o trabalhava regularmente para a AP. &#8220;T\u00ednhamos muitos correspondentes vietnamitas. Podiam ser civis ou, \u00e0s vezes, soldados que ganhavam um dinheiro extra&#8221;, disse ele.<\/p>\n<p dir=\"ltr\" class=\"bbc-hhl7in e17g058b0\">Robinson observou que Faas retornou mais tarde e n\u00e3o houve discuss\u00e3o sobre qual foto enviar. Ele tamb\u00e9m insistiu que Ut n\u00e3o estava presente durante o processo de sele\u00e7\u00e3o das fotos.<\/p>\n<p dir=\"ltr\" class=\"bbc-hhl7in e17g058b0\">Robinson contou que, enquanto escrevia a legenda, Faas se aproximou e sussurrou em seu ouvido para dar cr\u00e9dito a Ut, um funcion\u00e1rio da AP. &#8220;N\u00e3o tive coragem de desafi\u00e1-lo porque queria ficar em Saigon com minha esposa vietnamita e meus dois filhos pequenos&#8221;, afirmou.<\/p>\n<p dir=\"ltr\" class=\"bbc-hhl7in e17g058b0\">Tanto Faas quanto Ishizaki morreram.<\/p>\n<p><img decoding=\"async\" src=\"https:\/\/www.europesays.com\/pt\/wp-content\/uploads\/2025\/08\/58c1a100-4210-11f0-8ea4-91d9e5dc3491.jpg.webp.webp\"   alt=\"Nick Ut com Kim Phuc. O fot\u00f3grafo mostra a ic\u00f4nica foto da Guerra do Vietn\u00e3 enquanto aguardam o encontro com o Papa Francisco no final de sua audi\u00eancia geral semanal na Pra\u00e7a de S\u00e3o Pedro, Cidade do Vaticano, em 11 de maio de 2022.\" loading=\"lazy\" width=\"1024\" height=\"576\" style=\"aspect-ratio:1024 \/ 576\" class=\"bbc-139onq\"\/><\/p>\n<p class=\"bbc-by8ykd\" role=\"text\">Cr\u00e9dito, Getty Images<\/p>\n<p>Legenda da foto, Nick Ut e Kim Phuc se encontraram com o Papa Francisco em 2022 para comemorar o 50\u00ba anivers\u00e1rio da &#8220;Napalm Girl&#8221;.<\/p>\n<p dir=\"ltr\" class=\"bbc-hhl7in e17g058b0\">A consci\u00eancia de Robinson ficou abalada nas d\u00e9cadas seguintes. Ele queria se desculpar com o fot\u00f3grafo, mas n\u00e3o conseguia se lembrar do nome dele. Em 2015, com a ajuda de um ex-colega da AP, encontrou o nome de Nghe, mas n\u00e3o conseguiu localiz\u00e1-lo.<\/p>\n<p dir=\"ltr\" class=\"bbc-hhl7in e17g058b0\">Sete anos depois, Ut e Kim se encontraram com o Papa Francisco para celebrar o 50\u00ba anivers\u00e1rio da foto. &#8220;Finalmente decidi que precisava encarar tudo isso. N\u00e3o podia continuar virando as costas e esquecendo.&#8221;<\/p>\n<p dir=\"ltr\" class=\"bbc-hhl7in e17g058b0\">Robinson contatou o colega fotojornalista Gary Knight, que concordou em entrevist\u00e1-lo, marcando o in\u00edcio de The Stringer.<\/p>\n<p dir=\"ltr\" class=\"bbc-hhl7in e17g058b0\">Pouco depois, a equipe de produ\u00e7\u00e3o do document\u00e1rio localizou Nghe, que havia se mudado para os Estados Unidos como refugiado ap\u00f3s a queda de Saigon, mas havia retornado ao seu pa\u00eds de origem em 2002.<\/p>\n<p dir=\"ltr\" class=\"bbc-hhl7in e17g058b0\">&#8220;Ele estava em sil\u00eancio, sem voz, ansioso e com dor \u2014 emo\u00e7\u00f5es profundamente reprimidas&#8221;, disse Nghe. &#8220;Nada \u00e9 mais importante do que a verdade.&#8221;<\/p>\n<p>As investiga\u00e7\u00f5es <\/p>\n<p dir=\"ltr\" class=\"bbc-hhl7in e17g058b0\">Ap\u00f3s saber que o document\u00e1rio estava em andamento, a AP iniciou sua pr\u00f3pria investiga\u00e7\u00e3o com base nas imagens dispon\u00edveis, entrevistas com testemunhas e uma inspe\u00e7\u00e3o das c\u00e2meras de Ut.<\/p>\n<p dir=\"ltr\" class=\"bbc-hhl7in e17g058b0\">A AP publicou duas reportagens em janeiro e maio e concluiu que n\u00e3o havia evid\u00eancias definitivas para remover Ut da foto. No entanto, a ag\u00eancia de not\u00edcias reconheceu que havia &#8220;quest\u00f5es significativas&#8221;.<\/p>\n<p dir=\"ltr\" class=\"bbc-hhl7in e17g058b0\">A AP afirmou que a foto provavelmente foi tirada com uma c\u00e2mera Pentax, o que contradiz o relato de Ut. Ele alegou que tinha quatro c\u00e2meras consigo naquele dia (duas Leica e duas Nikon) e que usou uma Leica para capturar a imagem. Quando questionado pela AP, Ut alegou que n\u00e3o prestou aten\u00e7\u00e3o no modelo e acrescentou que Faas explicou que a imagem veio de um rolo usado em uma Leica.<\/p>\n<p dir=\"ltr\" class=\"bbc-hhl7in e17g058b0\">No dia da imagem, Nghe foi fotografado segurando uma c\u00e2mera semelhante a uma Pentax.<\/p>\n<p dir=\"ltr\" class=\"bbc-hhl7in e17g058b0\">Tanto o document\u00e1rio quanto a AP tentaram reconstruir uma linha do tempo com base em filmagens, fotos e imagens de sat\u00e9lite. Imagens de v\u00eddeo gravadas logo ap\u00f3s a foto ser tirada mostram uma figura borrada, que se acredita ser Ut, bem distante das crian\u00e7as. O document\u00e1rio afirma que Ut estava a 60 metros da c\u00e2mera que fez essas imagens em v\u00eddeo, o que significa que ele teria tido que correr ap\u00f3s tirar a foto.<\/p>\n<p dir=\"ltr\" class=\"bbc-hhl7in e17g058b0\">A AP contestou essa estimativa, situando a figura borrada em uma faixa de 28,8 a 48 metros, com uma margem de erro de 20%. A ag\u00eancia argumentou que o c\u00e1lculo da dist\u00e2ncia poderia ser afetado por diversas vari\u00e1veis e que o document\u00e1rio tamb\u00e9m ignorou outras imagens de v\u00eddeo e n\u00e3o teve acesso a dois conjuntos de imagens que utilizou em sua investiga\u00e7\u00e3o.<\/p>\n<p>O que acontece agora?<\/p>\n<p dir=\"ltr\" class=\"bbc-hhl7in e17g058b0\">Nem a AP nem a World Press Photo afirmam ser capazes de determinar a identidade do fot\u00f3grafo. A World Press Photo chegou a sugerir que um terceiro fot\u00f3grafo pode ter capturado a imagem.<\/p>\n<p dir=\"ltr\" class=\"bbc-hhl7in e17g058b0\">As d\u00favidas persistem: v\u00e1rios jornalistas presentes no local rejeitaram a vers\u00e3o do document\u00e1rio como infundada e se recusaram a participar da filmagem.<\/p>\n<p dir=\"ltr\" class=\"bbc-hhl7in e17g058b0\">E quanto \u00e0 foto impressa? Nghe disse que Faas lhe deu uma, mas sua esposa a rasgou, frustrada.<\/p>\n<p dir=\"ltr\" class=\"bbc-hhl7in e17g058b0\">Ut afirma ser o fot\u00f3grafo leg\u00edtimo e planeja entrar com uma a\u00e7\u00e3o por difama\u00e7\u00e3o.<\/p>\n<p dir=\"ltr\" class=\"bbc-hhl7in e17g058b0\">&#8220;As pessoas naturalmente querem saber a verdade por tr\u00e1s da foto&#8221;, disse o primeiro fot\u00f3grafo vietnamita an\u00f4nimo citado neste artigo. &#8220;Precisamos de mais tempo e evid\u00eancias para saber o que realmente aconteceu&#8221;, acrescentou.<\/p>\n<p dir=\"ltr\" class=\"bbc-hhl7in e17g058b0\">N\u00e3o h\u00e1 d\u00favidas sobre o poder que &#8220;Napalm Girl&#8221; mant\u00e9m d\u00e9cadas ap\u00f3s ter sido tirada, mas as alega\u00e7\u00f5es em torno de sua autoria adicionaram uma camada de mist\u00e9rio.<\/p>\n","protected":false},"excerpt":{"rendered":"Cr\u00e9dito, AP Legenda da foto, Nick Ut ganhou um Pulitzer e diversos outros pr\u00eamios pela foto chamada &#8220;O&hellip;\n","protected":false},"author":2,"featured_media":14453,"comment_status":"","ping_status":"","sticky":false,"template":"","format":"standard","meta":{"footnotes":""},"categories":[144],"tags":[207,205,206,203,201,202,204,114,115,32,33],"class_list":{"0":"post-14452","1":"post","2":"type-post","3":"status-publish","4":"format-standard","5":"has-post-thumbnail","7":"category-arte-e-design","8":"tag-arte","9":"tag-arte-e-design","10":"tag-artedesign","11":"tag-arts","12":"tag-arts-and-design","13":"tag-artsanddesign","14":"tag-design","15":"tag-entertainment","16":"tag-entretenimento","17":"tag-portugal","18":"tag-pt"},"share_on_mastodon":{"url":"","error":""},"_links":{"self":[{"href":"https:\/\/www.europesays.com\/pt\/wp-json\/wp\/v2\/posts\/14452","targetHints":{"allow":["GET"]}}],"collection":[{"href":"https:\/\/www.europesays.com\/pt\/wp-json\/wp\/v2\/posts"}],"about":[{"href":"https:\/\/www.europesays.com\/pt\/wp-json\/wp\/v2\/types\/post"}],"author":[{"embeddable":true,"href":"https:\/\/www.europesays.com\/pt\/wp-json\/wp\/v2\/users\/2"}],"replies":[{"embeddable":true,"href":"https:\/\/www.europesays.com\/pt\/wp-json\/wp\/v2\/comments?post=14452"}],"version-history":[{"count":0,"href":"https:\/\/www.europesays.com\/pt\/wp-json\/wp\/v2\/posts\/14452\/revisions"}],"wp:featuredmedia":[{"embeddable":true,"href":"https:\/\/www.europesays.com\/pt\/wp-json\/wp\/v2\/media\/14453"}],"wp:attachment":[{"href":"https:\/\/www.europesays.com\/pt\/wp-json\/wp\/v2\/media?parent=14452"}],"wp:term":[{"taxonomy":"category","embeddable":true,"href":"https:\/\/www.europesays.com\/pt\/wp-json\/wp\/v2\/categories?post=14452"},{"taxonomy":"post_tag","embeddable":true,"href":"https:\/\/www.europesays.com\/pt\/wp-json\/wp\/v2\/tags?post=14452"}],"curies":[{"name":"wp","href":"https:\/\/api.w.org\/{rel}","templated":true}]}}