{"id":144520,"date":"2025-11-08T18:50:27","date_gmt":"2025-11-08T18:50:27","guid":{"rendered":"https:\/\/www.europesays.com\/pt\/144520\/"},"modified":"2025-11-08T18:50:27","modified_gmt":"2025-11-08T18:50:27","slug":"flashback-mostra-ferette-propondo-golpe-para-rogerio-o-marido-de-arminda","status":"publish","type":"post","link":"https:\/\/www.europesays.com\/pt\/144520\/","title":{"rendered":"flashback mostra Ferette propondo golpe para Rog\u00e9rio, o marido de Arminda"},"content":{"rendered":"\n<p class=\" content-text__container theme-color-primary-first-letter\" data-track-category=\"Link no Texto\" data-track-links=\"\"> <a class=\"\" href=\"https:\/\/oglobo.globo.com\/tudo-sobre\/personalidade\/eduardo-moscovis\" rel=\"nofollow noopener\" target=\"_blank\">Eduardo Moscovis<\/a> gravou, na \u00faltima semana, suas primeiras cenas como o Rog\u00e9rio de \u201c<a class=\"\" href=\"https:\/\/oglobo.globo.com\/tudo-sobre\/novela\/tres-gracas\/\" rel=\"nofollow noopener\" target=\"_blank\">Tr\u00eas Gra\u00e7as<\/a>\u201d. Antes de ressurgir vivo, o personagem aparecer\u00e1 em flashbacks. Num deles, que ser\u00e1 exibido no fim do m\u00eas, ele estar\u00e1 comentando sobre a compra da est\u00e1tua. <\/p>\n<ul class=\"content-unordered-list\">\n<li><strong>Mais &#8216;Tr\u00eas Gra\u00e7as&#8217;:<\/strong> <a class=\"\" href=\"https:\/\/oglobo.globo.com\/play\/novelas\/noticia\/2025\/11\/06\/tres-gracas-ferette-ordena-assassinato-saiba-quem-sera-a-vitima.ghtml\" rel=\"nofollow noopener\" target=\"_blank\">Ferette ordena assassinato. Saiba quem ser\u00e1 a v\u00edtima<\/a><\/li>\n<li><strong>Leia tamb\u00e9m:<\/strong> <a class=\"\" href=\"https:\/\/oglobo.globo.com\/play\/novelas\/noticia\/2025\/11\/01\/tres-gracas-gerluce-procura-o-pai-joaquim-pela-primeira-vez.ghtml\" rel=\"nofollow noopener\" target=\"_blank\">Gerluce procura o pai, Joaquim, pela primeira vez em &#8216;Tr\u00eas Gra\u00e7as&#8217;<\/a><\/li>\n<\/ul>\n<p class=\" content-text__container \" data-track-category=\"Link no Texto\" data-track-links=\"\"> A conversa acontecer\u00e1 na casa de Ferette (<a class=\"\" href=\"https:\/\/oglobo.globo.com\/tudo-sobre\/personalidade\/murilo-benicio\" rel=\"nofollow noopener\" target=\"_blank\">Murilo Ben\u00edcio<\/a>) e Zenilda (<a class=\"\" href=\"https:\/\/oglobo.globo.com\/tudo-sobre\/personalidade\/andreia-horta\/\" rel=\"nofollow noopener\" target=\"_blank\">Andr\u00e9ia Horta<\/a>). Rog\u00e9rio dir\u00e1 que viu a obra de arte em uma galeria na It\u00e1lia e que se apaixonou por ela na hora. Arminda (<a class=\"\" href=\"https:\/\/oglobo.globo.com\/tudo-sobre\/personalidade\/grazi-massafera\" rel=\"nofollow noopener\" target=\"_blank\">Grazi Massafera<\/a>) reclamar\u00e1 do dinheiro que o marido ter\u00e1 que pagar de impostos para que a escultura entre no Brasil. <\/p>\n<p class=\" content-text__container \" data-track-category=\"Link no Texto\" data-track-links=\"\"> Ferette, ent\u00e3o, se oferecer\u00e1 para ajud\u00e1-lo. Ele afirmar\u00e1 conhecer pessoas que podem liberar as taxas ou oferecer um desconto, mas Rog\u00e9rio recusar\u00e1: <\/p>\n<p class=\" content-text__container \" data-track-category=\"Link no Texto\" data-track-links=\"\"> \u2014 N\u00e3o, s\u00f3cio, obrigado pela oferta, mas dispenso. Paguei uma fortuna pelas Tr\u00eas Gra\u00e7as e n\u00e3o me custa nada pagar o imposto pra que ela entre legalmente no pa\u00eds. <\/p>\n<ul class=\"content-unordered-list\">\n<li><strong>TV e famosos:<\/strong> <a class=\"\" href=\"https:\/\/www.whatsapp.com\/channel\/0029Va3JQfiDTkJwvhCFGq1r\" target=\"_blank\" rel=\"nofollow noopener\">se inscreva no canal da coluna Play no WhatsApp<\/a><\/li>\n<\/ul>\n<p class=\" content-text__container \" data-track-category=\"Link no Texto\" data-track-links=\"\"> Ferette chamar\u00e1 Rog\u00e9rio de &#8220;careta&#8221; e Arminda concordar\u00e1. O jantar seguir\u00e1, eles far\u00e3o um brinde, e o roteiro indica que o flashback chegar\u00e1 ao fim com um olhar de cumplicidade entre os vil\u00f5es. <\/p>\n<p>    Murilo Ben\u00edcio tem casa com pista de skate, piscina interna e vista para pontos tur\u00edsticos do Rio         <\/p>\n<p>Mans\u00e3o do ator fica na Lagoa Rodrigo de Freitas, na Zona Sul<\/p>\n","protected":false},"excerpt":{"rendered":"Eduardo Moscovis gravou, na \u00faltima semana, suas primeiras cenas como o Rog\u00e9rio de \u201cTr\u00eas Gra\u00e7as\u201d. Antes de ressurgir&hellip;\n","protected":false},"author":2,"featured_media":13210,"comment_status":"","ping_status":"","sticky":false,"template":"","format":"standard","meta":{"footnotes":""},"categories":[142],"tags":[2589,813,4393,114,115,4375,2313,32,33,679,4376,151],"class_list":{"0":"post-144520","1":"post","2":"type-post","3":"status-publish","4":"format-standard","5":"has-post-thumbnail","7":"category-tv","8":"tag-andreia-horta","9":"tag-atriz","10":"tag-eduardo-moscovis","11":"tag-entertainment","12":"tag-entretenimento","13":"tag-grazi-massafera","14":"tag-murilo-benicio","15":"tag-portugal","16":"tag-pt","17":"tag-reportagem","18":"tag-tres-gracas","19":"tag-tv"},"share_on_mastodon":{"url":"https:\/\/pubeurope.com\/@pt\/115515583562092501","error":""},"_links":{"self":[{"href":"https:\/\/www.europesays.com\/pt\/wp-json\/wp\/v2\/posts\/144520","targetHints":{"allow":["GET"]}}],"collection":[{"href":"https:\/\/www.europesays.com\/pt\/wp-json\/wp\/v2\/posts"}],"about":[{"href":"https:\/\/www.europesays.com\/pt\/wp-json\/wp\/v2\/types\/post"}],"author":[{"embeddable":true,"href":"https:\/\/www.europesays.com\/pt\/wp-json\/wp\/v2\/users\/2"}],"replies":[{"embeddable":true,"href":"https:\/\/www.europesays.com\/pt\/wp-json\/wp\/v2\/comments?post=144520"}],"version-history":[{"count":0,"href":"https:\/\/www.europesays.com\/pt\/wp-json\/wp\/v2\/posts\/144520\/revisions"}],"wp:featuredmedia":[{"embeddable":true,"href":"https:\/\/www.europesays.com\/pt\/wp-json\/wp\/v2\/media\/13210"}],"wp:attachment":[{"href":"https:\/\/www.europesays.com\/pt\/wp-json\/wp\/v2\/media?parent=144520"}],"wp:term":[{"taxonomy":"category","embeddable":true,"href":"https:\/\/www.europesays.com\/pt\/wp-json\/wp\/v2\/categories?post=144520"},{"taxonomy":"post_tag","embeddable":true,"href":"https:\/\/www.europesays.com\/pt\/wp-json\/wp\/v2\/tags?post=144520"}],"curies":[{"name":"wp","href":"https:\/\/api.w.org\/{rel}","templated":true}]}}