{"id":144521,"date":"2025-11-08T18:53:08","date_gmt":"2025-11-08T18:53:08","guid":{"rendered":"https:\/\/www.europesays.com\/pt\/144521\/"},"modified":"2025-11-08T18:53:08","modified_gmt":"2025-11-08T18:53:08","slug":"noronha-lopes-apresenta-queixa-contra-rui-costa-por-apelo-ao-voto-sl-benfica","status":"publish","type":"post","link":"https:\/\/www.europesays.com\/pt\/144521\/","title":{"rendered":"Noronha Lopes apresenta queixa contra Rui Costa por apelo ao voto | SL Benfica"},"content":{"rendered":"<p>Jo\u00e3o Noronha Lopes apresentou uma queixa formal ao presidente da Mesa da Assembleia-Geral do Benfica, devido a uma mensagem que ter\u00e1 sido enviada esta madrugada por Rui Costa aos presidentes das Casas do Benfica \u2014 onde decorrem tamb\u00e9m actos eleitorais \u2014 e que Noronha Lopes considera propaganda eleitoral.<\/p>\n<p>Na mensagem em v\u00eddeo, <a href=\"https:\/\/www.publico.pt\/2025\/10\/26\/desporto\/noticia\/rui-costa-vence-eleicoes-benfica-ha-segunda-volta-noronha-lopes-2152193\" rel=\"nofollow noopener\" target=\"_blank\">Rui Costa<\/a> come\u00e7a por lamentar aquele que diz n\u00e3o ter sido \u201cum mandato f\u00e1cil\u201d, mas destaca as Casas do Benfica inauguradas e a vontade de acrescentar mais \u00e0 lista. O presidente em fun\u00e7\u00f5es faz ainda promessas relativamente \u00e0s Casas: mais proximidade, um congresso para breve e renova\u00e7\u00e3o da imagem. Termina com o seguinte: \u201cNo dia 8 de Novembro, votem Lista G.\u201d<\/p>\n<p>De acordo com <a href=\"https:\/\/www.abola.pt\/noticias\/noronha-lopes-apresenta-queixa-apos-mensagem-de-rui-costa-2025110810024574591?srsltid=AfmBOooyzuS4A36gVHRHDUNywhTmhgWu1Gk5YWWlZN6e7ZdP1pxpMNoG\" target=\"_blank\" rel=\"nofollow noopener\">A Bola<\/a>, ter\u00e1 tamb\u00e9m sido enviada um mensagem de texto a acompanhar o v\u00eddeo: \u201cEnviamos esta mensagem especial de Rui Costa, candidato a Presidente do Sport Lisboa e Benfica. Agradecemos o seu incans\u00e1vel esfor\u00e7o e dedica\u00e7\u00e3o, bem como dos seus \u00f3rg\u00e3os sociais. Hoje, contamos novamente consigo. Vamos mobilizar familiares, amigos e vizinhos para, no pr\u00f3ximo s\u00e1bado, alcan\u00e7armos a marca dos 100 mil votantes. Obrigado. Obrigado tamb\u00e9m pelo vosso trabalho no passado dia 25 e agora tamb\u00e9m no pr\u00f3ximo s\u00e1bado, na 2 Volta destas elei\u00e7\u00f5es. A Candidatura S\u00f3 o Benfica Importa.\u201d<\/p>\n<p>Em declara\u00e7\u00f5es aos jornalistas no Est\u00e1dio da Luz <a href=\"https:\/\/www.publico.pt\/2025\/11\/08\/desporto\/noticia\/eleicoes-benfica-15-mil-socios-votaram-primeira-hora-meia-2153879\" rel=\"nofollow noopener\" target=\"_blank\">em dia de elei\u00e7\u00f5es<\/a>, Jo\u00e3o Noronha Lopes recusou-se a comentar a queixa, afirmando que este \u00e9 \u201cum dia de uni\u00e3o entre os benfiquistas\u201d. Foi Jo\u00e3o Marecos, porta-voz da candidatura, quem explicitou os motivos: &#8220;[A mensagem] N\u00e3o foi apenas um apelo ao voto. O v\u00eddeo termina com os dizeres \u2018vota lista G\u2019. Nem nos estamos propriamente a insurgir por este contacto ter sido feito no pr\u00f3prio dia das elei\u00e7\u00f5es, mas sobretudo por ter sido feito para pessoas que t\u00eam de manter o distanciamento em rela\u00e7\u00e3o \u00e0s duas listas, para garantir a integridade do acto eleitoral.\u201d<\/p>\n<p>Jo\u00e3o Marecos, que \u00e9 candidato a vice-presidente da Mesa da Assembleia Geral (MAG) pela candidatura de Noronha Lopes, lembra um epis\u00f3dio registado h\u00e1 duas semanas, no qual os pap\u00e9is se inverteram e foi a lista liderada por Rui Costa a queixar-se de apelo indevido ao voto, considerando esta situa\u00e7\u00e3o mais relevante e alvo de den\u00fancia.<\/p>\n<p>&#8220;O presidente da MAG fez um apelo \u00e0s duas listas, em entrevista, pedindo-lhes que se abstivessem de qualquer tipo de comunicado desse g\u00e9nero e, nem 24 horas depois, a Lista G, curiosamente tamb\u00e9m a lista do presidente da Mesa, viola esse pedido de uma forma que n\u00e3o est\u00e1vamos \u00e0 espera. N\u00e3o s\u00f3 porque, devo relembrar, h\u00e1 duas semanas se &#8220;rasgaram as vestes&#8221; por causa de um comunicado que foi dirigido apenas a s\u00f3cios que subscreveram essa comunica\u00e7\u00e3o, hoje isso n\u00e3o acontece&#8221;, comparou.<\/p>\n<p>Jo\u00e3o Marecos lamenta, por isso, o sucedido, recordando a relev\u00e2ncia dos associados das Casas para a condu\u00e7\u00e3o do ato eleitoral. &#8220;\u00c9 enviada esta comunica\u00e7\u00e3o aos presidentes das Casas do Benfica que, relembro, t\u00eam um papel importante a cumprir no dia de hoje. A indica\u00e7\u00e3o que temos \u00e9 que os presidentes da Casas receberam mensagens esta madrugada. N\u00e3o sou presidente de Casas do Benfica, n\u00e3o as recebi&#8221;, admitiu.<\/p>\n<p>J\u00e1 Jos\u00e9 Pereira da Costa, presidente da Mesa da Assembleia-Geral, disse aos jornalistas que &#8220;n\u00e3o se confirmou absolutamente nada&#8221; relacionado com as mensagens e n\u00e3o esclareceu se tinha visto o v\u00eddeo em quest\u00e3o.<\/p>\n","protected":false},"excerpt":{"rendered":"Jo\u00e3o Noronha Lopes apresentou uma queixa formal ao presidente da Mesa da Assembleia-Geral do Benfica, devido a uma&hellip;\n","protected":false},"author":2,"featured_media":144522,"comment_status":"","ping_status":"","sticky":false,"template":"","format":"standard","meta":{"footnotes":""},"categories":[87],"tags":[135,524,280,32,33,6058,3099,134],"class_list":{"0":"post-144521","1":"post","2":"type-post","3":"status-publish","4":"format-standard","5":"has-post-thumbnail","7":"category-desporto","8":"tag-desporto","9":"tag-futebol","10":"tag-futebol-nacional","11":"tag-portugal","12":"tag-pt","13":"tag-rui-costa","14":"tag-sl-benfica","15":"tag-sports"},"share_on_mastodon":{"url":"https:\/\/pubeurope.com\/@pt\/115515595535809479","error":""},"_links":{"self":[{"href":"https:\/\/www.europesays.com\/pt\/wp-json\/wp\/v2\/posts\/144521","targetHints":{"allow":["GET"]}}],"collection":[{"href":"https:\/\/www.europesays.com\/pt\/wp-json\/wp\/v2\/posts"}],"about":[{"href":"https:\/\/www.europesays.com\/pt\/wp-json\/wp\/v2\/types\/post"}],"author":[{"embeddable":true,"href":"https:\/\/www.europesays.com\/pt\/wp-json\/wp\/v2\/users\/2"}],"replies":[{"embeddable":true,"href":"https:\/\/www.europesays.com\/pt\/wp-json\/wp\/v2\/comments?post=144521"}],"version-history":[{"count":0,"href":"https:\/\/www.europesays.com\/pt\/wp-json\/wp\/v2\/posts\/144521\/revisions"}],"wp:featuredmedia":[{"embeddable":true,"href":"https:\/\/www.europesays.com\/pt\/wp-json\/wp\/v2\/media\/144522"}],"wp:attachment":[{"href":"https:\/\/www.europesays.com\/pt\/wp-json\/wp\/v2\/media?parent=144521"}],"wp:term":[{"taxonomy":"category","embeddable":true,"href":"https:\/\/www.europesays.com\/pt\/wp-json\/wp\/v2\/categories?post=144521"},{"taxonomy":"post_tag","embeddable":true,"href":"https:\/\/www.europesays.com\/pt\/wp-json\/wp\/v2\/tags?post=144521"}],"curies":[{"name":"wp","href":"https:\/\/api.w.org\/{rel}","templated":true}]}}