{"id":144531,"date":"2025-11-08T18:59:05","date_gmt":"2025-11-08T18:59:05","guid":{"rendered":"https:\/\/www.europesays.com\/pt\/144531\/"},"modified":"2025-11-08T18:59:05","modified_gmt":"2025-11-08T18:59:05","slug":"cgtp-e-ugt-agendam-greve-geral-para-11-de-dezembro-trabalho-e-emprego","status":"publish","type":"post","link":"https:\/\/www.europesays.com\/pt\/144531\/","title":{"rendered":"CGTP e UGT agendam greve geral para 11 de Dezembro | Trabalho e emprego"},"content":{"rendered":"<p dir=\"ltr\">As duas centrais sindicais nacionais, CGTP e UGT, acordaram agendar a greve geral contra a reforma laboral proposta pelo Governo para o pr\u00f3ximo dia 11 de Dezembro.<\/p>\n<p dir=\"ltr\">A informa\u00e7\u00e3o foi avan\u00e7ada pelo secret\u00e1rio-geral da UGT em declara\u00e7\u00f5es feitas \u00e0 RTP este s\u00e1bado. \u201cA data que est\u00e1 consensualizada entre as duas centrais &#8211; e eu sei que a CGTP pretende tamb\u00e9m [este s\u00e1bado] divulg\u00e1-la &#8211; foi o dia 11 de Dezembro\u201d, afirmou M\u00e1rio Mour\u00e3o.<\/p>\n<p dir=\"ltr\">Algumas horas depois, Tiago Oliveira, secret\u00e1rio-geral da CGTP, no final da marcha de protesto contra a reforma laboral que a central sindical realizou este s\u00e1bado em Lisboa, confirmou que a estrutura ir\u00e1, em sintonia com a UGT, convocar uma greve geral para o dia 11 de Dezembro.<\/p>\n<p dir=\"ltr\">A exist\u00eancia de <a href=\"https:\/\/www.publico.pt\/2025\/11\/07\/economia\/noticia\/greve-geral-ugt-cgtp-preparam-protesto-primeira-quinzena-dezembro-2153823\" rel=\"nofollow noopener\" target=\"_blank\">negocia\u00e7\u00f5es entre a CGTP e a UGT<\/a> para uma greve a realizar na primeira metade de Dezembro tinha sido j\u00e1 noticiada esta sexta-feira, na sequ\u00eancia dos sinais mais evidentes, do lado das duas centrais, de pretenderem subir o tom das cr\u00edticas \u00e0s propostas de altera\u00e7\u00e3o da lei laboral feitas pelo Governo.<\/p>\n<p dir=\"ltr\">Do lado do Executivo, Lu\u00eds Montenegro, em declara\u00e7\u00f5es aos jornalistas feitas \u00e0 margem da reuni\u00e3o da cimeira do clima COP 30 que se realiza em Bel\u00e9m, no Brasil, manifestou estranheza pelo facto de as for\u00e7as sindicais estarem a agendar uma greve quando ainda decorre um processo negocial.<\/p>\n<p dir=\"ltr\">M\u00e1rio Mour\u00e3o, no entanto, fala de negocia\u00e7\u00f5es falhadas. \u201cQuando falha o di\u00e1logo e a negocia\u00e7\u00e3o, a UGT tem de encontrar outras vias. Eu fui mandatado para encetar contactos com todas as for\u00e7as sindicais no sentido de converg\u00eancia para uma ac\u00e7\u00e3o de luta em resposta a esta reforma laboral\u201d, disse este s\u00e1bado \u00e0 RTP o mais alto respons\u00e1vel da UGT.<\/p>\n<p dir=\"ltr\">A mesma opini\u00e3o foi expressa por Tiago Oliveira, da CGTP. \u201cO primeiro-ministro devia estar a rir quando disse isso. J\u00e1 por v\u00e1rias vezes o Governo tem dito que, haja ou n\u00e3o acordo em concerta\u00e7\u00e3o social, a vontade do Governo ir\u00e1 em frente\u201d, afirmou.<\/p>\n<p dir=\"ltr\">O protesto agora agendado pelas duas centrais sindicais \u00e9 contra a reforma laboral proposta pelo Governo sob a forma de um anteprojecto apresentado pela ministra do Trabalho, Maria do Ros\u00e1rio Palma Ramalho, em Julho.<\/p>\n<p dir=\"ltr\">O documento altera mais de uma centena de artigos do C\u00f3digo do Trabalho e de outros diplomas, com medidas como o aumento da dura\u00e7\u00e3o dos contratos a termo, a altera\u00e7\u00e3o ao regime que permite reconhecer contratos com <a href=\"https:\/\/www.publico.pt\/2025\/08\/20\/economia\/noticia\/governo-limita-contratos-estafetas-recebem-80-rendimento-so-plataforma-2144400\" rel=\"nofollow noopener\" target=\"_blank\">plataformas digitais<\/a>, a reposi\u00e7\u00e3o do banco de horas individual, mudan\u00e7as nos processos de despedimento e a generaliza\u00e7\u00e3o da impossibilidade de reintegra\u00e7\u00e3o do trabalhador, assim como altera\u00e7\u00f5es no <a href=\"https:\/\/www.publico.pt\/2025\/08\/03\/economia\/noticia\/ministra-criancas-parece-continuam-amamentadas-dar-horario-reduzido-2142756\" rel=\"nofollow noopener\" target=\"_blank\">regime da amamenta\u00e7\u00e3o<\/a> e na atribui\u00e7\u00e3o de hor\u00e1rio flex\u00edvel aos trabalhadores com filhos.<\/p>\n","protected":false},"excerpt":{"rendered":"As duas centrais sindicais nacionais, CGTP e UGT, acordaram agendar a greve geral contra a reforma laboral proposta&hellip;\n","protected":false},"author":2,"featured_media":144532,"comment_status":"","ping_status":"","sticky":false,"template":"","format":"standard","meta":{"footnotes":""},"categories":[10],"tags":[27,28,12183,476,15,16,301,31789,10027,14,25,26,848,21,22,12,13,19,20,32,23,24,33,17,18,5791,31790,29,30,31],"class_list":{"0":"post-144531","1":"post","2":"type-post","3":"status-publish","4":"format-standard","5":"has-post-thumbnail","7":"category-portugal","8":"tag-breaking-news","9":"tag-breakingnews","10":"tag-cgtp","11":"tag-economia","12":"tag-featured-news","13":"tag-featurednews","14":"tag-governo","15":"tag-greve-geral","16":"tag-greves","17":"tag-headlines","18":"tag-latest-news","19":"tag-latestnews","20":"tag-legislacao-laboral","21":"tag-main-news","22":"tag-mainnews","23":"tag-news","24":"tag-noticias","25":"tag-noticias-principais","26":"tag-noticiasprincipais","27":"tag-portugal","28":"tag-principais-noticias","29":"tag-principaisnoticias","30":"tag-pt","31":"tag-top-stories","32":"tag-topstories","33":"tag-trabalho-e-emprego","34":"tag-ugt","35":"tag-ultimas","36":"tag-ultimas-noticias","37":"tag-ultimasnoticias"},"share_on_mastodon":{"url":"","error":""},"_links":{"self":[{"href":"https:\/\/www.europesays.com\/pt\/wp-json\/wp\/v2\/posts\/144531","targetHints":{"allow":["GET"]}}],"collection":[{"href":"https:\/\/www.europesays.com\/pt\/wp-json\/wp\/v2\/posts"}],"about":[{"href":"https:\/\/www.europesays.com\/pt\/wp-json\/wp\/v2\/types\/post"}],"author":[{"embeddable":true,"href":"https:\/\/www.europesays.com\/pt\/wp-json\/wp\/v2\/users\/2"}],"replies":[{"embeddable":true,"href":"https:\/\/www.europesays.com\/pt\/wp-json\/wp\/v2\/comments?post=144531"}],"version-history":[{"count":0,"href":"https:\/\/www.europesays.com\/pt\/wp-json\/wp\/v2\/posts\/144531\/revisions"}],"wp:featuredmedia":[{"embeddable":true,"href":"https:\/\/www.europesays.com\/pt\/wp-json\/wp\/v2\/media\/144532"}],"wp:attachment":[{"href":"https:\/\/www.europesays.com\/pt\/wp-json\/wp\/v2\/media?parent=144531"}],"wp:term":[{"taxonomy":"category","embeddable":true,"href":"https:\/\/www.europesays.com\/pt\/wp-json\/wp\/v2\/categories?post=144531"},{"taxonomy":"post_tag","embeddable":true,"href":"https:\/\/www.europesays.com\/pt\/wp-json\/wp\/v2\/tags?post=144531"}],"curies":[{"name":"wp","href":"https:\/\/api.w.org\/{rel}","templated":true}]}}