{"id":144533,"date":"2025-11-08T19:00:10","date_gmt":"2025-11-08T19:00:10","guid":{"rendered":"https:\/\/www.europesays.com\/pt\/144533\/"},"modified":"2025-11-08T19:00:10","modified_gmt":"2025-11-08T19:00:10","slug":"lilian-kopke-fora-dos-registos-da-aima","status":"publish","type":"post","link":"https:\/\/www.europesays.com\/pt\/144533\/","title":{"rendered":"Lilian Kopke Fora dos Registos da AIMA"},"content":{"rendered":"<p>A pianista brasileira Lilian Kopke, em Portugal h\u00e1 40 anos e funcion\u00e1ria do Estado portugu\u00eas, deixou de constar dos dados da imigra\u00e7\u00e3o, apesar de h\u00e1 d\u00e9cadas renovar a autoriza\u00e7\u00e3o de resid\u00eancia permanente.<\/p>\n<p>Lilian veio estudar piano em Portugal em 1987 e acabou como p<strong>rofessora na Escola Art\u00edstica de M\u00fasica do Conservat\u00f3rio Nacional<\/strong>, de onde s\u00f3 tem boas mem\u00f3rias, principalmente dos alunos e professores com quem conviveu e dos artistas com quem privou.<\/p>\n<p>Chegou como turista, porque nunca conseguiu junto do Consulado de Portugal em S\u00e3o Paulo, onde vivia, um visto de estudante, e, depois, foi come\u00e7ando do zero, continuando a entrar em Portugal como turista e pedindo autoriza\u00e7\u00e3o de resid\u00eancia no ent\u00e3o SEF.<\/p>\n<p>Al\u00e9m do passaporte, apresentava o pedido de autoriza\u00e7\u00e3o de resid\u00eancia, que n\u00e3o era suficiente, por exemplo, para se legalizar na Caixa Geral de Aposenta\u00e7\u00f5es, uma vez que era professora de uma institui\u00e7\u00e3o p\u00fablica.<\/p>\n<p><strong>Conseguiu resolver a situa\u00e7\u00e3o junto da Embaixada do Brasil em Portugal, o que lhe permitiu obter a autoriza\u00e7\u00e3o de resid\u00eancia.<\/strong><\/p>\n<p>\u201cNaquela altura, \u00e9ramos quatro ou cinco brasileiros aqui e eu fui ao encontro do embaixador do Brasil, eles conseguiram interferir e eu consegui o visto\u201d de autoriza\u00e7\u00e3o de resid\u00eancia e, dois anos depois, o de resid\u00eancia permanente.<\/p>\n<p><strong>Esta autoriza\u00e7\u00e3o \u00e9 renov\u00e1vel a cada cinco anos e foi isso que Lilian fez, at\u00e9 janeiro de 2020. A sua autoriza\u00e7\u00e3o venceu em 15 de janeiro deste ano, mas apesar dos esfor\u00e7os e marca\u00e7\u00f5es para renovar o documento, ainda n\u00e3o conseguiu faz\u00ea-lo.<\/strong><\/p>\n<p>Apesar das v\u00e1rias tentativas, a AIMA foi respondendo a pedidos anteriores, entretanto acumulados. Quando soube que estavam a tratar dos pedidos referentes \u00e0s autoriza\u00e7\u00f5es caducadas em 2025, contactou os servi\u00e7os e foi a\u00ed que soube que <strong>\u201cn\u00e3o existe nenhuma carta de residente com esse n\u00famero\u201d.<\/strong><\/p>\n<p>\u201cDizem que n\u00e3o existe\u201d, contou, indicando que repetiu o pedido tr\u00eas vezes, obtendo sempre a mesma resposta. \u201cO meu n\u00famero n\u00e3o existe\u201d, desabafou.<\/p>\n<p>A insist\u00eancia foi de tal ordem que deixou de poder realizar pedidos com o seu email.<\/p>\n<p><strong>\u201cDe [19]88 at\u00e9 2020, de cinco em cinco anos, eu renovei, sempre. E, apesar disso, agora n\u00e3o consigo\u201d, lamentou, acrescentando que telefona para o n\u00famero da AIMA, mas ningu\u00e9m atende, tal como n\u00e3o respondem aos emails que envia.<\/strong><\/p>\n<p>O resultado \u00e9 que sempre que a autoriza\u00e7\u00e3o vence, deixa de ter acesso, por exemplo, \u00e0s aplica\u00e7\u00f5es banc\u00e1rias e \u00e9 permanentemente alertada para o facto de estar com documenta\u00e7\u00e3o inv\u00e1lida.<\/p>\n<p>\u201cIsso implica tudo. Voc\u00ea sabe que para qualquer coisa que voc\u00ea vai fazer, voc\u00ea tem que dar o seu documento de identifica\u00e7\u00e3o. Se tem uma data vencida, perguntam a data de validade, a data est\u00e1 vencida, documento inv\u00e1lido. E foi assim, uma atr\u00e1s da outra. <strong>Primeiro foi a Caixa Geral de Aposenta\u00e7\u00f5es, depois o contrato de arrendamento, que tamb\u00e9m n\u00e3o tem documento v\u00e1lido, e \u00e9 dif\u00edcil explicar\u201d<\/strong>, disse.<\/p>\n<p>Como o Governo prorrogou o prazo das autoriza\u00e7\u00f5es de resid\u00eancia, a sua manteve-se em vigor at\u00e9 30 de junho e, depois, at\u00e9 15 de outubro. <strong>Atualmente, est\u00e1 sem forma de ver os documentos renovados, uma vez que, para os servi\u00e7os da imigra\u00e7\u00e3o (AIMA), a sua autoriza\u00e7\u00e3o n\u00e3o existe.<\/strong><\/p>\n<p>Sente-se \u201cref\u00e9m da AIMA\u201d e tem medo de viajar, pois se em Portugal os atrasos deste organismo s\u00e3o conhecidos, nas outras fronteiras n\u00e3o querem saber.<\/p>\n<p><strong>Lilian tem dois filhos nascidos em Portugal, com nacionalidade portuguesa<\/strong>, porque a solicitou, e mostra-se demasiado cansada para insistir nesta perman\u00eancia em Portugal, onde o ambiente \u00e9 cada vez mais hostil para os imigrantes.<\/p>\n<p><strong>Diz que n\u00e3o se sente muito bem \u201cneste ambiente de anti-imigra\u00e7\u00e3o\u201d, porque \u00e9 imigrante, mesmo que viva em Portugal h\u00e1 40 anos, pa\u00eds onde trabalhou 37 anos para o Estado.<\/strong><\/p>\n<p>\u201cEu sou muito grata a Portugal, porque eu criei meus filhos, eduquei eles aqui\u201d num \u201cambiente muito calmo\u201d, sem a viol\u00eancia e a criminalidade de S\u00e3o Paulo.<\/p>\n<p><strong>\u201cEnquanto n\u00e3o teve aqui um partido que institucionalizou o racismo, que foi o Chega, as coisas n\u00e3o eram assi<\/strong>m, porque as pessoas, podiam at\u00e9 ter esse sentimento, mas n\u00e3o tinham como se expressar dessa forma t\u00e3o violenta\u201d, disse.<\/p>\n<p>Lilian Kopke recorda que o Brasil tamb\u00e9m j\u00e1 teve um Bolsonaro e que \u201cdemora tempo at\u00e9 as pessoas ca\u00edrem na realidade\u201d. <strong>Mas assume que o seu futuro passa por voltar ao seu pa\u00eds, levando na bagagem a mem\u00f3ria dos \u201calunos maravilhosos\u201d que teve, dos cantores com quem trabalhou.<\/strong><\/p>\n<p>\u201cS\u00e3o essas coisas que eu vou levar daqui, n\u00e3o \u00e9 o que est\u00e1 acontecendo agora. Fiz muitos amigos e tive muita sorte em encontrar essas pessoas que, de certa forma, me faziam sentir mais inclu\u00edda\u201d, disse.<\/p>\n","protected":false},"excerpt":{"rendered":"A pianista brasileira Lilian Kopke, em Portugal h\u00e1 40 anos e funcion\u00e1ria do Estado portugu\u00eas, deixou de constar&hellip;\n","protected":false},"author":2,"featured_media":144534,"comment_status":"","ping_status":"","sticky":false,"template":"","format":"standard","meta":{"footnotes":""},"categories":[8],"tags":[1964,726,27,28,15,16,14,1481,25,26,21,22,12,13,19,20,32,23,24,33,17,18,29,30,31],"class_list":{"0":"post-144533","1":"post","2":"type-post","3":"status-publish","4":"format-standard","5":"has-post-thumbnail","7":"category-principais-noticias","8":"tag-aima","9":"tag-brasil","10":"tag-breaking-news","11":"tag-breakingnews","12":"tag-featured-news","13":"tag-featurednews","14":"tag-headlines","15":"tag-imigracao","16":"tag-latest-news","17":"tag-latestnews","18":"tag-main-news","19":"tag-mainnews","20":"tag-news","21":"tag-noticias","22":"tag-noticias-principais","23":"tag-noticiasprincipais","24":"tag-portugal","25":"tag-principais-noticias","26":"tag-principaisnoticias","27":"tag-pt","28":"tag-top-stories","29":"tag-topstories","30":"tag-ultimas","31":"tag-ultimas-noticias","32":"tag-ultimasnoticias"},"share_on_mastodon":{"url":"https:\/\/pubeurope.com\/@pt\/115515623067040757","error":""},"_links":{"self":[{"href":"https:\/\/www.europesays.com\/pt\/wp-json\/wp\/v2\/posts\/144533","targetHints":{"allow":["GET"]}}],"collection":[{"href":"https:\/\/www.europesays.com\/pt\/wp-json\/wp\/v2\/posts"}],"about":[{"href":"https:\/\/www.europesays.com\/pt\/wp-json\/wp\/v2\/types\/post"}],"author":[{"embeddable":true,"href":"https:\/\/www.europesays.com\/pt\/wp-json\/wp\/v2\/users\/2"}],"replies":[{"embeddable":true,"href":"https:\/\/www.europesays.com\/pt\/wp-json\/wp\/v2\/comments?post=144533"}],"version-history":[{"count":0,"href":"https:\/\/www.europesays.com\/pt\/wp-json\/wp\/v2\/posts\/144533\/revisions"}],"wp:featuredmedia":[{"embeddable":true,"href":"https:\/\/www.europesays.com\/pt\/wp-json\/wp\/v2\/media\/144534"}],"wp:attachment":[{"href":"https:\/\/www.europesays.com\/pt\/wp-json\/wp\/v2\/media?parent=144533"}],"wp:term":[{"taxonomy":"category","embeddable":true,"href":"https:\/\/www.europesays.com\/pt\/wp-json\/wp\/v2\/categories?post=144533"},{"taxonomy":"post_tag","embeddable":true,"href":"https:\/\/www.europesays.com\/pt\/wp-json\/wp\/v2\/tags?post=144533"}],"curies":[{"name":"wp","href":"https:\/\/api.w.org\/{rel}","templated":true}]}}