{"id":144557,"date":"2025-11-08T19:18:16","date_gmt":"2025-11-08T19:18:16","guid":{"rendered":"https:\/\/www.europesays.com\/pt\/144557\/"},"modified":"2025-11-08T19:18:16","modified_gmt":"2025-11-08T19:18:16","slug":"fez-tudo-bem-ao-contrario-da-liliana","status":"publish","type":"post","link":"https:\/\/www.europesays.com\/pt\/144557\/","title":{"rendered":"Fez tudo bem, ao contr\u00e1rio da Liliana&#8230;"},"content":{"rendered":"<p>\t\t\t\t\t\t\t\t\t\t\t\t\t\tIn\u00eas Gama decidiu terminar a sua rela\u00e7\u00e3o de dois meses e menos de 24 horas depois, entregou-se ao amor, na \u201cCasa dos Segredos\u201d.<\/p>\n<p>A concorrente, que est\u00e1 nomeada e em risco de expuls\u00e3o, deu finalmente o primeiro \u201cbeijo na boca\u201d a Dylan.<\/p>\n<p>No \u201cExtra\u201d, C\u00e2ndido Pereira rompeu com a tend\u00eancia e defendeu In\u00eas: <strong>\u201cEu acho que a In\u00eas fez tudo bem, na minha opini\u00e3o. Se eu pudesse dar a minha opini\u00e3o at\u00e9 ao fim, agradecia\u201d.<\/strong><\/p>\n<p>Em compara\u00e7\u00e3o com Liliana, o comentador frisou: <strong>\u201cA In\u00eas fez tudo bem ao contr\u00e1rio da Liliana. A In\u00eas teve o seu processo de tentar perceber o que queria, por isso vimos uma In\u00eas muito retra\u00edda, porque n\u00e3o podia ultrapassar determinados limites\u201d<\/strong>.<\/p>\n<p><strong>\u201cA partir do momento em que ela achou que o melhor era mesmo terminar o que tinha l\u00e1 fora para poder seguir o que sentia, foi aquilo que fez. N\u00e3o magoou ningu\u00e9m, n\u00e3o traiu ningu\u00e9m\u201d<\/strong> \u2013 afirmou.<\/p>\n","protected":false},"excerpt":{"rendered":"In\u00eas Gama decidiu terminar a sua rela\u00e7\u00e3o de dois meses e menos de 24 horas depois, entregou-se ao&hellip;\n","protected":false},"author":2,"featured_media":144558,"comment_status":"","ping_status":"","sticky":false,"template":"","format":"standard","meta":{"footnotes":""},"categories":[142],"tags":[15374,114,115,20987,26469,19016,32,33,31792,151],"class_list":{"0":"post-144557","1":"post","2":"type-post","3":"status-publish","4":"format-standard","5":"has-post-thumbnail","7":"category-tv","8":"tag-candido-pereira","9":"tag-entertainment","10":"tag-entretenimento","11":"tag-extra","12":"tag-inu00eas","13":"tag-liliana","14":"tag-portugal","15":"tag-pt","16":"tag-traiu00e7u00e3o","17":"tag-tv"},"share_on_mastodon":{"url":"https:\/\/pubeurope.com\/@pt\/115515693800507269","error":""},"_links":{"self":[{"href":"https:\/\/www.europesays.com\/pt\/wp-json\/wp\/v2\/posts\/144557","targetHints":{"allow":["GET"]}}],"collection":[{"href":"https:\/\/www.europesays.com\/pt\/wp-json\/wp\/v2\/posts"}],"about":[{"href":"https:\/\/www.europesays.com\/pt\/wp-json\/wp\/v2\/types\/post"}],"author":[{"embeddable":true,"href":"https:\/\/www.europesays.com\/pt\/wp-json\/wp\/v2\/users\/2"}],"replies":[{"embeddable":true,"href":"https:\/\/www.europesays.com\/pt\/wp-json\/wp\/v2\/comments?post=144557"}],"version-history":[{"count":0,"href":"https:\/\/www.europesays.com\/pt\/wp-json\/wp\/v2\/posts\/144557\/revisions"}],"wp:featuredmedia":[{"embeddable":true,"href":"https:\/\/www.europesays.com\/pt\/wp-json\/wp\/v2\/media\/144558"}],"wp:attachment":[{"href":"https:\/\/www.europesays.com\/pt\/wp-json\/wp\/v2\/media?parent=144557"}],"wp:term":[{"taxonomy":"category","embeddable":true,"href":"https:\/\/www.europesays.com\/pt\/wp-json\/wp\/v2\/categories?post=144557"},{"taxonomy":"post_tag","embeddable":true,"href":"https:\/\/www.europesays.com\/pt\/wp-json\/wp\/v2\/tags?post=144557"}],"curies":[{"name":"wp","href":"https:\/\/api.w.org\/{rel}","templated":true}]}}