{"id":144581,"date":"2025-11-08T19:44:13","date_gmt":"2025-11-08T19:44:13","guid":{"rendered":"https:\/\/www.europesays.com\/pt\/144581\/"},"modified":"2025-11-08T19:44:13","modified_gmt":"2025-11-08T19:44:13","slug":"dia-d-contra-a-dengue-acoes-mobilizaram-a-cidade-neste-sabado-prefeitura-da-cidade-do-rio-de-janeiro","status":"publish","type":"post","link":"https:\/\/www.europesays.com\/pt\/144581\/","title":{"rendered":"Dia D contra a Dengue: a\u00e7\u00f5es mobilizaram a cidade neste s\u00e1bado &#8211; Prefeitura da Cidade do Rio de Janeiro"},"content":{"rendered":"<p>                     <img width=\"1303\" height=\"869\"  src=\"https:\/\/www.europesays.com\/pt\/wp-content\/uploads\/2025\/11\/N8A1074.jpg\" class=\"attachment-post-thumbnail size-post-thumbnail wp-post-image lazyload\" alt=\"\" decoding=\"async\" fetchpriority=\"high\" \/>A\u00e7\u00f5es mostraram import\u00e2ncia dos cuidados ap\u00f3s as chuvas para evitar focos do Aedes aegypti &#8211; Edu Kapps \/ SMS                  <\/p>\n<p dir=\"ltr\">A Secretaria Municipal de Sa\u00fade do Rio (SMS) realizou o dia D de combate \u00e0 dengue na manh\u00e3 deste s\u00e1bado (08\/11), em todas as regi\u00f5es da cidade. As a\u00e7\u00f5es mostraram a import\u00e2ncia dos cuidados ap\u00f3s as chuvas para evitar o ac\u00famulo de \u00e1gua e o surgimento de focos do Aedes aegypti. Al\u00e9m de atividades de promo\u00e7\u00e3o da sa\u00fade e orienta\u00e7\u00f5es, foram feitas inspe\u00e7\u00f5es em im\u00f3veis e nas ruas.<\/p>\n<p>\u00a0<\/p>\n<p dir=\"ltr\">Os profissionais se mobilizaram nas unidades e em \u00e1reas abertas nos bairros para orientar sobre as arboviroses e checar pontos que pudessem facilitar a reprodu\u00e7\u00e3o dos mosquitos, al\u00e9m de outras a\u00e7\u00f5es voltadas para a promo\u00e7\u00e3o da sa\u00fade de modo geral, como vacina\u00e7\u00e3o e cuidados com tabagismo. Com a chuva que caiu na madrugada e in\u00edcio da manh\u00e3, os esfor\u00e7os dos agentes foram redobrados para eliminar os dep\u00f3sitos de \u00e1gua nas \u00e1reas vistoriadas.<\/p>\n<p>\u00a0<\/p>\n<blockquote wp_automatic_readability=\"11\">\n<p dir=\"ltr\">\u2013 As equipes de sa\u00fade foram \u00e0s ruas neste s\u00e1bado para orientar a popula\u00e7\u00e3o, tanto pela a\u00e7\u00e3o do dia D quanto para auxiliar os moradores que tiveram problemas em raz\u00e3o das chuvas. A recomenda\u00e7\u00e3o \u00e9 para que todas as pessoas confiram o seu domic\u00edlio para evitar a prolifera\u00e7\u00e3o do Aedes aegypti. Este per\u00edodo de chuvas e calor favorece a reprodu\u00e7\u00e3o do mosquito, por isso \u00e9 importante redobrar a aten\u00e7\u00e3o e que todos colaborem com os esfor\u00e7os para evitar os criadouros. Basta separar 10 minutos por semana para verificar e eliminar poss\u00edveis dep\u00f3sitos em suas casas \u2013 diz o secret\u00e1rio municipal de Sa\u00fade, Daniel Soranz.<\/p>\n<\/blockquote>\n<p>\u00a0<\/p>\n<p dir=\"ltr\">\u201cN\u00e3o d\u00ea chance para dengue, zika e chikungunya\u201d foi o tema da campanha do Minist\u00e9rio da Sa\u00fade deste ano para o dia D. A movimenta\u00e7\u00e3o em todo territ\u00f3rio nacional \u00e9 essencial para levar informa\u00e7\u00e3o e evitar os casos de dengue. Com a aproxima\u00e7\u00e3o do ver\u00e3o, a quantidade de chuva aumenta e o tempo fica mais quente, fatores que se relacionam com a reprodu\u00e7\u00e3o dos mosquitos.<\/p>\n<p>\u00a0<\/p>\n<p dir=\"ltr\">Com tecnologia interativa, ao longo do ano, a Superintend\u00eancia de Vigil\u00e2ncia em Sa\u00fade monitora de perto a situa\u00e7\u00e3o epidemiol\u00f3gica da cidade do Rio. Em 2025, at\u00e9 o dia 1\u00ba de novembro, os agentes de vigil\u00e2ncia ambiental em sa\u00fade fizeram 10.291.786 visitas a im\u00f3veis para preven\u00e7\u00e3o e controle do\u00a0Aedes aegypti\u00a0e 1.424.953 recipientes que poderiam servir de criadouros foram tratados ou eliminados. Quando necess\u00e1rio, a popula\u00e7\u00e3o pode fazer pedidos de vistoria ou denunciar poss\u00edveis focos do mosquito pela Central 1746 de Atendimento ao Cidad\u00e3o da Prefeitura, pelo telefone ou site.<\/p>\n<p>Categoria: <\/p>\n<li>8 de novembro de 2025<\/li>\n<p>\t\t\t\t\tMarca\u00e7\u00f5es: <a href=\"https:\/\/prefeitura.rio\/tag\/aedes-aegypti\/\" rel=\"tag nofollow noopener\" target=\"_blank\">aedes aegypti<\/a> <a href=\"https:\/\/prefeitura.rio\/tag\/arboviroses\/\" rel=\"tag nofollow noopener\" target=\"_blank\">arboviroses<\/a> <a href=\"https:\/\/prefeitura.rio\/tag\/combate-a-dengue\/\" rel=\"tag nofollow noopener\" target=\"_blank\">combate \u00e0 dengue<\/a> <a href=\"https:\/\/prefeitura.rio\/tag\/dia-d-contra-a-dengue\/\" rel=\"tag nofollow noopener\" target=\"_blank\">Dia D contra a Dengue<\/a><\/p>\n","protected":false},"excerpt":{"rendered":"A\u00e7\u00f5es mostraram import\u00e2ncia dos cuidados ap\u00f3s as chuvas para evitar focos do Aedes aegypti &#8211; Edu Kapps \/&hellip;\n","protected":false},"author":2,"featured_media":144582,"comment_status":"","ping_status":"","sticky":false,"template":"","format":"standard","meta":{"footnotes":""},"categories":[86],"tags":[1896,1889,20459,31793,116,32,33,117],"class_list":{"0":"post-144581","1":"post","2":"type-post","3":"status-publish","4":"format-standard","5":"has-post-thumbnail","7":"category-saude","8":"tag-aedes-aegypti","9":"tag-arboviroses","10":"tag-combate-a-dengue","11":"tag-dia-d-contra-a-dengue","12":"tag-health","13":"tag-portugal","14":"tag-pt","15":"tag-saude"},"share_on_mastodon":{"url":"https:\/\/pubeurope.com\/@pt\/115515796050676488","error":""},"_links":{"self":[{"href":"https:\/\/www.europesays.com\/pt\/wp-json\/wp\/v2\/posts\/144581","targetHints":{"allow":["GET"]}}],"collection":[{"href":"https:\/\/www.europesays.com\/pt\/wp-json\/wp\/v2\/posts"}],"about":[{"href":"https:\/\/www.europesays.com\/pt\/wp-json\/wp\/v2\/types\/post"}],"author":[{"embeddable":true,"href":"https:\/\/www.europesays.com\/pt\/wp-json\/wp\/v2\/users\/2"}],"replies":[{"embeddable":true,"href":"https:\/\/www.europesays.com\/pt\/wp-json\/wp\/v2\/comments?post=144581"}],"version-history":[{"count":0,"href":"https:\/\/www.europesays.com\/pt\/wp-json\/wp\/v2\/posts\/144581\/revisions"}],"wp:featuredmedia":[{"embeddable":true,"href":"https:\/\/www.europesays.com\/pt\/wp-json\/wp\/v2\/media\/144582"}],"wp:attachment":[{"href":"https:\/\/www.europesays.com\/pt\/wp-json\/wp\/v2\/media?parent=144581"}],"wp:term":[{"taxonomy":"category","embeddable":true,"href":"https:\/\/www.europesays.com\/pt\/wp-json\/wp\/v2\/categories?post=144581"},{"taxonomy":"post_tag","embeddable":true,"href":"https:\/\/www.europesays.com\/pt\/wp-json\/wp\/v2\/tags?post=144581"}],"curies":[{"name":"wp","href":"https:\/\/api.w.org\/{rel}","templated":true}]}}