{"id":144605,"date":"2025-11-08T20:03:40","date_gmt":"2025-11-08T20:03:40","guid":{"rendered":"https:\/\/www.europesays.com\/pt\/144605\/"},"modified":"2025-11-08T20:03:40","modified_gmt":"2025-11-08T20:03:40","slug":"menino-de-tres-anos-morre-em-casa-em-alges","status":"publish","type":"post","link":"https:\/\/www.europesays.com\/pt\/144605\/","title":{"rendered":"Menino de tr\u00eas anos morre em casa em Alg\u00e9s"},"content":{"rendered":"<p>&#13;<br \/>\n        &#13;<br \/>\n&#13;<br \/>\n        &#13;<\/p>\n<p>            <a href=\"https:\/\/i0.wp.com\/recordeuropa.com\/wp-content\/uploads\/2022\/01\/bebe-morre-em-acidente-em-santiago-do-cacem.jpg?fit=800%2C508&amp;quality=100&amp;ssl=1\" data-caption=\"\" rel=\"nofollow noopener\" target=\"_blank\"><img loading=\"lazy\" decoding=\"async\" width=\"696\" height=\"442\" class=\"entry-thumb td-modal-image\" src=\"https:\/\/www.europesays.com\/pt\/wp-content\/uploads\/2025\/11\/bebe-morre-em-acidente-em-santiago-do-cacem.jpg\"   alt=\"Explos\u00e3o de gases causa tr\u00eas feridos graves em Alenquer\" title=\"Explos\u00e3o de gases causa tr\u00eas feridos graves em Alenquer\"\/><\/a><\/p>\n<p>Crian\u00e7a estava a brincar na sala, quando de repente perdeu os sentidos.<\/p>\n<p>Um menino de tr\u00eas anos morreu na manh\u00e3 de ontem, em casa, em Alg\u00e9s, concelho de Oeiras.<\/p>\n<p>A crian\u00e7a estava a brincar na sala, quando de repente perdeu os sentidos, segundo o CM.<\/p>\n<p>O alerta foi dado cerca das 10:30.<\/p>\n<p>Os bombeiros de Alg\u00e9s e a PSP estiveram no local. Foram efetuadas feitas manobras de reanima\u00e7\u00e3o, mas sem sucesso.<\/p>\n<p>A m\u00e3e teve de receber apoio psicol\u00f3gico do INEM.\u00a0<\/p>\n<p>A Pol\u00edcia Judici\u00e1ria foi informada do \u00f3bito e o corpo do menino foi transportado para a morgue do Cemit\u00e9rio da Torre, em Cascais, onde vai ser autopsiado.\u00a0<\/p>\n<p>        &#13;<br \/>\n&#13;<br \/>\n        &#13;<br \/>\n                        &#13;<br \/>\n            &#13;<br \/>\n&#13;<br \/>\n                                                        &#13;<br \/>\n&#13;<\/p>\n","protected":false},"excerpt":{"rendered":"&#13; &#13; &#13; &#13; Crian\u00e7a estava a brincar na sala, quando de repente perdeu os sentidos. Um menino&hellip;\n","protected":false},"author":2,"featured_media":144606,"comment_status":"","ping_status":"","sticky":false,"template":"","format":"standard","meta":{"footnotes":""},"categories":[10],"tags":[27,28,2170,15,16,14,25,26,21,22,31794,1437,12,13,19,20,32,23,24,33,17,18,29,30,31],"class_list":{"0":"post-144605","1":"post","2":"type-post","3":"status-publish","4":"format-standard","5":"has-post-thumbnail","7":"category-portugal","8":"tag-breaking-news","9":"tag-breakingnews","10":"tag-destaque1","11":"tag-featured-news","12":"tag-featurednews","13":"tag-headlines","14":"tag-latest-news","15":"tag-latestnews","16":"tag-main-news","17":"tag-mainnews","18":"tag-menino","19":"tag-morte","20":"tag-news","21":"tag-noticias","22":"tag-noticias-principais","23":"tag-noticiasprincipais","24":"tag-portugal","25":"tag-principais-noticias","26":"tag-principaisnoticias","27":"tag-pt","28":"tag-top-stories","29":"tag-topstories","30":"tag-ultimas","31":"tag-ultimas-noticias","32":"tag-ultimasnoticias"},"share_on_mastodon":{"url":"https:\/\/pubeurope.com\/@pt\/115515870809931015","error":""},"_links":{"self":[{"href":"https:\/\/www.europesays.com\/pt\/wp-json\/wp\/v2\/posts\/144605","targetHints":{"allow":["GET"]}}],"collection":[{"href":"https:\/\/www.europesays.com\/pt\/wp-json\/wp\/v2\/posts"}],"about":[{"href":"https:\/\/www.europesays.com\/pt\/wp-json\/wp\/v2\/types\/post"}],"author":[{"embeddable":true,"href":"https:\/\/www.europesays.com\/pt\/wp-json\/wp\/v2\/users\/2"}],"replies":[{"embeddable":true,"href":"https:\/\/www.europesays.com\/pt\/wp-json\/wp\/v2\/comments?post=144605"}],"version-history":[{"count":0,"href":"https:\/\/www.europesays.com\/pt\/wp-json\/wp\/v2\/posts\/144605\/revisions"}],"wp:featuredmedia":[{"embeddable":true,"href":"https:\/\/www.europesays.com\/pt\/wp-json\/wp\/v2\/media\/144606"}],"wp:attachment":[{"href":"https:\/\/www.europesays.com\/pt\/wp-json\/wp\/v2\/media?parent=144605"}],"wp:term":[{"taxonomy":"category","embeddable":true,"href":"https:\/\/www.europesays.com\/pt\/wp-json\/wp\/v2\/categories?post=144605"},{"taxonomy":"post_tag","embeddable":true,"href":"https:\/\/www.europesays.com\/pt\/wp-json\/wp\/v2\/tags?post=144605"}],"curies":[{"name":"wp","href":"https:\/\/api.w.org\/{rel}","templated":true}]}}