{"id":144617,"date":"2025-11-08T20:17:18","date_gmt":"2025-11-08T20:17:18","guid":{"rendered":"https:\/\/www.europesays.com\/pt\/144617\/"},"modified":"2025-11-08T20:17:18","modified_gmt":"2025-11-08T20:17:18","slug":"pesquisa-da-unila-mostra-eficacia-de-cannabis-medicinal-no-tratamento-de-alzheimer","status":"publish","type":"post","link":"https:\/\/www.europesays.com\/pt\/144617\/","title":{"rendered":"Pesquisa da Unila mostra efic\u00e1cia de cannabis medicinal no tratamento de Alzheimer &#8211;"},"content":{"rendered":"<p>A cannabis medicinal surge como importante aliada no tratamento de pacientes diagnosticados com Alzheimer. Foi isso que apontou um estudo feito por pesquisadores da Universidade Federal da Integra\u00e7\u00e3o Latino-Americana (Unila).<\/p>\n<p>Considerada a pesquisa mais longa j\u00e1 realizada no mundo com canabinoides em pacientes com Alzheimer, o estudo, um ensaio cl\u00ednico randomizado duplo-cego, compreendeu 28 pacientes de 60 a 80 anos, durante 26 semanas (cerca de seis meses).<\/p>\n<p>Coordenador da pesquisa, Francisney do Nascimento destaca que esse tipo de estudo \u2014 randomizado, duplo-cego, placebo-controlado \u2014 \u00e9 o \u201cpadr\u00e3o ouro\u201d dos ensaios cl\u00ednicos.<\/p>\n<p>\u201cNeste tipo de pesquisa, metade do grupo recebe o medicamento, e a outra metade recebe o placebo, e ao final os resultados s\u00e3o comparados\u201d, detalha.<\/p>\n<p>Conclus\u00e3o da pesquisa mostra efeitos<\/p>\n<p>A conclus\u00e3o a que os pesquisadores chegaram foi a de que o grupo que recebeu o extrato full spectrum de cannabis (combinando 0,350mg de THC e 0,245mg de CBD) demonstrou melhoras cognitivas, com base nos resultados do Miniexame do Estado Mental (Mmse).<\/p>\n<p>Na avalia\u00e7\u00e3o de Nascimento, a publica\u00e7\u00e3o do artigo \u00e9 um grande acontecimento. \u201cEste \u00e9 o primeiro ensaio cl\u00ednico do mundo que mostra que a cannabis melhora a mem\u00f3ria em pacientes com Alzheimer.\u201d<\/p>\n<p>Ele explica que h\u00e1 outros estudos demonstrando principalmente redu\u00e7\u00e3o da agita\u00e7\u00e3o e ansiedade. Por\u00e9m, em rela\u00e7\u00e3o ao teste de mem\u00f3ria, o primeiro artigo foi dos pesquisadores da Unila.<\/p>\n<p>A publica\u00e7\u00e3o saiu na revista Journal of Alzheimer\u2019s Disease e faz parte de uma s\u00e9rie de estudos com cannabis medicinal que vem sendo desenvolvida por pesquisadores da Unila, no \u00e2mbito do Laborat\u00f3rio de Cannabis Medicinal e Ci\u00eancia Psicod\u00e9lica (LCP).<\/p>\n<p>Para o professor, a descoberta \u00e9 de fundamental import\u00e2ncia, uma vez que o Alzheimer \u00e9 a principal doen\u00e7a degenerativa no mundo \u2014 gerando grande perda de qualidade de vida para os pacientes e seus cuidadores.<\/p>\n<p>Atualmente, existem apenas quatro medicamentos para tratamento, que n\u00e3o geram benef\u00edcios significativos.<\/p>\n<p>Os estudos com os canabinoides, por outro lado, v\u00eam apontando que a subst\u00e2ncia apresenta grande potencial para reduzir o avan\u00e7o ou at\u00e9 mesmo promover melhoras na mem\u00f3ria desses pacientes \u2014 como foi demonstrado na pesquisa.<\/p>\n<p>Os canabinoides podem reduzir a inflama\u00e7\u00e3o neuronal e o estresse oxidativo, fatores associados \u00e0 progress\u00e3o do Alzheimer.<\/p>\n<p>\u201cEstudos realizados com ratos em laborat\u00f3rios, por exemplo, j\u00e1 demonstram que o THC pode promover neurog\u00eanese [forma\u00e7\u00e3o de novos neur\u00f4nios] no hipocampo, a regi\u00e3o do c\u00e9rebro respons\u00e1vel pela mem\u00f3ria\u201d, relata o pesquisador.<\/p>\n<p>(Com informa\u00e7\u00f5es da assessoria de imprensa da Unila)<\/p>\n","protected":false},"excerpt":{"rendered":"A cannabis medicinal surge como importante aliada no tratamento de pacientes diagnosticados com Alzheimer. Foi isso que apontou&hellip;\n","protected":false},"author":2,"featured_media":144618,"comment_status":"","ping_status":"","sticky":false,"template":"","format":"standard","meta":{"footnotes":""},"categories":[86],"tags":[16295,116,4127,32,33,117],"class_list":{"0":"post-144617","1":"post","2":"type-post","3":"status-publish","4":"format-standard","5":"has-post-thumbnail","7":"category-saude","8":"tag-foz-do-iguacu","9":"tag-health","10":"tag-parana","11":"tag-portugal","12":"tag-pt","13":"tag-saude"},"share_on_mastodon":{"url":"https:\/\/pubeurope.com\/@pt\/115515925694986172","error":""},"_links":{"self":[{"href":"https:\/\/www.europesays.com\/pt\/wp-json\/wp\/v2\/posts\/144617","targetHints":{"allow":["GET"]}}],"collection":[{"href":"https:\/\/www.europesays.com\/pt\/wp-json\/wp\/v2\/posts"}],"about":[{"href":"https:\/\/www.europesays.com\/pt\/wp-json\/wp\/v2\/types\/post"}],"author":[{"embeddable":true,"href":"https:\/\/www.europesays.com\/pt\/wp-json\/wp\/v2\/users\/2"}],"replies":[{"embeddable":true,"href":"https:\/\/www.europesays.com\/pt\/wp-json\/wp\/v2\/comments?post=144617"}],"version-history":[{"count":0,"href":"https:\/\/www.europesays.com\/pt\/wp-json\/wp\/v2\/posts\/144617\/revisions"}],"wp:featuredmedia":[{"embeddable":true,"href":"https:\/\/www.europesays.com\/pt\/wp-json\/wp\/v2\/media\/144618"}],"wp:attachment":[{"href":"https:\/\/www.europesays.com\/pt\/wp-json\/wp\/v2\/media?parent=144617"}],"wp:term":[{"taxonomy":"category","embeddable":true,"href":"https:\/\/www.europesays.com\/pt\/wp-json\/wp\/v2\/categories?post=144617"},{"taxonomy":"post_tag","embeddable":true,"href":"https:\/\/www.europesays.com\/pt\/wp-json\/wp\/v2\/tags?post=144617"}],"curies":[{"name":"wp","href":"https:\/\/api.w.org\/{rel}","templated":true}]}}