{"id":144619,"date":"2025-11-08T20:20:13","date_gmt":"2025-11-08T20:20:13","guid":{"rendered":"https:\/\/www.europesays.com\/pt\/144619\/"},"modified":"2025-11-08T20:20:13","modified_gmt":"2025-11-08T20:20:13","slug":"operadora-low-cost-desafia-digi-com-a-oferta-mais-baixa-de-sempre","status":"publish","type":"post","link":"https:\/\/www.europesays.com\/pt\/144619\/","title":{"rendered":"Operadora low cost desafia Digi com a oferta mais baixa de sempre"},"content":{"rendered":"<p class=\"leading\">\n                A Amigo est\u00e1 a aproveitar a altura da Black Friday para conseguir angariar mais clientes. A oferta \u00e9 verdadeiramente fenomenal!            <\/p>\n<p>        <img decoding=\"async\" alt=\"digi\" height=\"900\" src=\"https:\/\/www.europesays.com\/pt\/wp-content\/uploads\/2025\/09\/digi-1600.jpg\" width=\"1600\" fetchpriority=\"high\"\/><br \/>\nShutterstock<\/p>\n<p>A guerra das <a href=\"https:\/\/4gnews.pt\/qual-a-operadora-com-tv-e-net-mais-barata-e-que-oferece-mais-recursos-nao-e-a-digi-que-estas-a-pensar\/\" target=\"_blank\" rel=\"noreferrer noopener nofollow\">low-cost nas telecomunica\u00e7\u00f5es em Portugal<\/a> est\u00e1 a aquecer. A operadora <strong>Amigo<\/strong> acaba de lan\u00e7ar uma nova campanha que promete abanar o mercado e fazer frente \u00e0 Digi (que recentemente celebrou <a href=\"https:\/\/4gnews.pt\/digi-chegou-ha-1-ano-a-portugal-o-que-mudou\/\" target=\"_blank\" rel=\"noreferrer noopener nofollow\">um ano de exist\u00eancia no nosso pa\u00eds<\/a>)!<\/p>\n<p>Numa jogada de antecipa\u00e7\u00e3o da Black Friday, a operadora decidiu rivalizar diretamente com a Digi a n\u00edvel de pre\u00e7os para tentar conquistar novos clientes. Assim sendo, numa promo\u00e7\u00e3o que \u00e9 v\u00e1lida <strong>apenas at\u00e9 2 de dezembro de 2025<\/strong>, tanto tarif\u00e1rio m\u00f3veis como combinados (<strong>fibra + TV<\/strong>) est\u00e3o com descontos impressionantes.<\/p>\n<p>As ofertas de cada uma das low cost<\/p>\n<p>No que toca aos planos m\u00f3veis, o tarif\u00e1rio com <strong>100 GB de dados m\u00f3veis <\/strong>est\u00e1 agora a <strong>5 euros<\/strong>, uma descida de 3 euros face ao que existia.<\/p>\n<p>Relativamente ao plano com com <strong>dados ilimitados<\/strong> passou de <strong>10 euros<\/strong> para apenas<strong> 7 euros<\/strong>, novamente uma descida de tr\u00eas euros\/m\u00eas.<\/p>\n<p>De recordar que a <strong>Digi <\/strong>oferece <strong>dados ilimitados por cinco euros por m\u00eas<\/strong>. Por\u00e9m, a verdade \u00e9 que para a esmagadora maioria dos utilizadores ter 100 GB ou ilimitados \u00e9 <strong>praticamente igual<\/strong>. Dificilmente algu\u00e9m gasta 100 GB por m\u00eas tendo internet fixa em casa! Assim sendo, a <strong>Amigo <\/strong>ganha alguma vantagem j\u00e1 que tem um <strong>rede mais est\u00e1vel<\/strong> (faz parte da Vodafone).<\/p>\n<p>Al\u00e9m disso, as <strong>ofertas de fibra<\/strong> tamb\u00e9m receberam ajustes interessantes. O pacote com <strong>fibra 1 Gbps + TV<\/strong> est\u00e1 a <strong>22 euros<\/strong> euros por m\u00eas (antes custava 25 euros).<\/p>\n<p>J\u00e1 o pacote mais completo \u2013 <strong>1 Gbps + m\u00f3vel 100 GB + TV <\/strong>\u2013 passou dos<strong> 33 euros para os 25 euros<\/strong>. Comparativamente, a Digi oferece exatamente o &#8216;mesmo&#8217; pacote: <strong>internet fibra 1 Gbps + TV<\/strong> por <strong>22 euros<\/strong>. No bundle completo, <strong>fibra 1 Gbps + dados ilimitados + TV por 25 euros<\/strong>.<\/p>\n<p>Digi ou Amigo, qual escolher?Em suma, esta promo\u00e7\u00e3o da BlackFriday promete colocar a Digi em sentido como nenhuma outra operadora foi capaz de o fazer! \u00c9 que o pre\u00e7o \u00e9 igual, a \u00fanica coisa que muda s\u00e3o os <strong>dados m\u00f3veis<\/strong> (100 GB vs ilimitados).<\/p>\n<p>Posto isto, a decis\u00e3o que o utilizador ter\u00e1 de tomar \u00e9 se pretende mais dados (sendo que dificilmente ser\u00e1 relevante passar de 100 GB para ilimitado) ou se quer um servi\u00e7o mais consolidado e est\u00e1vel.<\/p>\n<p>Promo\u00e7\u00e3o do dia<br \/>\n<a href=\"https:\/\/amzn.to\/4nJwa0q\" target=\"_blank\" rel=\"nofollow noreferrer noopener\"><img decoding=\"async\" alt=\"Tenda AC8 - Router WiFi AC1200, banda dupla (5 GHz\/2,4 GHz)\" height=\"488\" width=\"650\" class=\"lazyload\" src=\"https:\/\/www.europesays.com\/pt\/wp-content\/uploads\/2025\/11\/tenda-ac8-router-wifi-ac1200-banda-dupla-5-ghz-2-4-ghz-4135st5vbdl-sl500.jpg\" loading=\"lazy\"\/><\/a><\/p>\n<p>Oferta por tempo limitado<\/p>\n<p>18,99 \u20acAmazon<\/p>\n<p>29,99 \u20ac-37%<\/p>\n<p class=\"inline-related-title\">Editores 4gnews recomendam:<\/p>\n","protected":false},"excerpt":{"rendered":"A Amigo est\u00e1 a aproveitar a altura da Black Friday para conseguir angariar mais clientes. A oferta \u00e9&hellip;\n","protected":false},"author":2,"featured_media":144620,"comment_status":"","ping_status":"","sticky":false,"template":"","format":"standard","meta":{"footnotes":""},"categories":[83],"tags":[88,89,90,32,33],"class_list":{"0":"post-144619","1":"post","2":"type-post","3":"status-publish","4":"format-standard","5":"has-post-thumbnail","7":"category-empresas","8":"tag-business","9":"tag-economy","10":"tag-empresas","11":"tag-portugal","12":"tag-pt"},"share_on_mastodon":{"url":"https:\/\/pubeurope.com\/@pt\/115515937643763695","error":""},"_links":{"self":[{"href":"https:\/\/www.europesays.com\/pt\/wp-json\/wp\/v2\/posts\/144619","targetHints":{"allow":["GET"]}}],"collection":[{"href":"https:\/\/www.europesays.com\/pt\/wp-json\/wp\/v2\/posts"}],"about":[{"href":"https:\/\/www.europesays.com\/pt\/wp-json\/wp\/v2\/types\/post"}],"author":[{"embeddable":true,"href":"https:\/\/www.europesays.com\/pt\/wp-json\/wp\/v2\/users\/2"}],"replies":[{"embeddable":true,"href":"https:\/\/www.europesays.com\/pt\/wp-json\/wp\/v2\/comments?post=144619"}],"version-history":[{"count":0,"href":"https:\/\/www.europesays.com\/pt\/wp-json\/wp\/v2\/posts\/144619\/revisions"}],"wp:featuredmedia":[{"embeddable":true,"href":"https:\/\/www.europesays.com\/pt\/wp-json\/wp\/v2\/media\/144620"}],"wp:attachment":[{"href":"https:\/\/www.europesays.com\/pt\/wp-json\/wp\/v2\/media?parent=144619"}],"wp:term":[{"taxonomy":"category","embeddable":true,"href":"https:\/\/www.europesays.com\/pt\/wp-json\/wp\/v2\/categories?post=144619"},{"taxonomy":"post_tag","embeddable":true,"href":"https:\/\/www.europesays.com\/pt\/wp-json\/wp\/v2\/tags?post=144619"}],"curies":[{"name":"wp","href":"https:\/\/api.w.org\/{rel}","templated":true}]}}