{"id":144621,"date":"2025-11-08T20:22:33","date_gmt":"2025-11-08T20:22:33","guid":{"rendered":"https:\/\/www.europesays.com\/pt\/144621\/"},"modified":"2025-11-08T20:22:33","modified_gmt":"2025-11-08T20:22:33","slug":"freguesias-de-sete-concelhos-vao-ficar-sem-eletricidade-no-domingo","status":"publish","type":"post","link":"https:\/\/www.europesays.com\/pt\/144621\/","title":{"rendered":"Freguesias de sete concelhos v\u00e3o ficar sem eletricidade no domingo"},"content":{"rendered":"<p class=\"wp-caption-text top\">Ant\u00f3nio Pedro Santos \/ Lusa<\/p>\n<p><img decoding=\"async\" loading=\"lazy\" class=\"size-kopa-image-size-3 wp-image-674610\" src=\"https:\/\/www.europesays.com\/pt\/wp-content\/uploads\/2025\/11\/6f25dbe32d6fa8c4c80e7fe0e2d3cc02-783x450.jpg\" alt=\"\" width=\"700\" height=\"402\"  \/><\/p>\n<p class=\"wp-caption-text bot\">Passageiro apanha autocarro no Campo Grande \u00e0s escuras devido ao apag\u00e3o<\/p>\n<p><strong>A\u00ed vem um novo apag\u00e3o \u2013 desta vez, propositado e mais curto. Algumas freguesias de Faro, Lagos, Olh\u00e3o, Lisboa, Oeiras, Sintra e Tomar v\u00e3o ficar sem luz por alguns per\u00edodos na manh\u00e3 de domingo, entre as 05h e as 11h.<\/strong><\/p>\n<p>Em causa est\u00e3o trabalhos na rede de distribui\u00e7\u00e3o, informou esta quinta-feira a operadora E-Redes.<\/p>\n<p>Numa nota publicada no site, a E-Redes detalhou que se tratam de \u201cinterrup\u00e7\u00f5es programadas, previamente agendadas\u201d, <strong>entre as 5h e as 11h de domingo<\/strong>, com o objetivo de \u201cgarantir a qualidade e a fiabilidade do servi\u00e7o el\u00e9trico\u201d.<\/p>\n<p>Os concelhos afetados ser\u00e3o\u00a0<strong>Lisboa, Oeiras, Sintra, Tomar, Faro, Lagos e Olh\u00e3o<\/strong>.<\/p>\n<p>\u201cManter a continuidade e qualidade do fornecimento de energia el\u00e9trica \u00e9 a prioridade da E-Redes. Para tal, efetuamos trabalhos localizados na rede de distribui\u00e7\u00e3o, sendo necess\u00e1rio proceder \u00e0 interrup\u00e7\u00e3o pontual da alimenta\u00e7\u00e3o de energia el\u00e9trica aos clientes\u201d, explica a nota.<\/p>\n<p>No caso de Lisboa, ser\u00e1 afetada a freguesia de <strong>Campolide<\/strong>, na Avenida Conselheiro Fernando de Sousa e na Rua Professor Sousa da C\u00e2mara, estando o corte programado para ocorrer entre as 5h e as 11h.<\/p>\n<p>Em Oeiras, a interrup\u00e7\u00e3o do fornecimento de eletricidade ir\u00e1 ter lugar na Uni\u00e3o de Freguesias de <strong>Alg\u00e9s, Linda-a-Velha e Cruz Quebrada\/Dafundo<\/strong> entre as 7h e as 11h.<\/p>\n<p>Mais acima, no concelho de Sintra, os trabalhos v\u00e3o afetar a Uni\u00e3o das Freguesias de\u00a0<strong>S\u00e3o Jo\u00e3o das Lampas e Terrugem<\/strong> entre as 6h e as 11h, enquanto no de Tomar ser\u00e3o afetadas as freguesias de <strong>S\u00e3o Jo\u00e3o Baptista e Santa Maria dos Olivais<\/strong>, entre as 6h e as 7h.<\/p>\n<p>No Algarve, est\u00e3o previstos cortes nas freguesias de <strong>Montenegro<\/strong> (Faro), <strong>Quelfes<\/strong> (Olh\u00e3o) e <strong>S\u00e3o Gon\u00e7alo de Lagos<\/strong> (Lagos), entre as 7h e as 11h.<\/p>\n<p>\u201cNestas interrup\u00e7\u00f5es s\u00e3o realizadas manobras, trabalhos de liga\u00e7\u00e3o, repara\u00e7\u00e3o ou conserva\u00e7\u00e3o de infraestruturas de rede, sempre que estiverem esgotadas todas as possibilidades de alimenta\u00e7\u00e3o alternativa a partir de instala\u00e7\u00f5es existentes\u201d, indica a E-Redes. Segundo a operadora, \u201cestas interrup\u00e7\u00f5es servem, igualmente, para corrigir situa\u00e7\u00f5es que podem gerar inseguran\u00e7a da rede el\u00e9trica e\/ou preven\u00e7\u00e3o de avarias\u201d.<\/p>\n<p>Os consumidores poder\u00e3o consultar os locais e hor\u00e1rios das interrup\u00e7\u00f5es atrav\u00e9s do <a href=\"https:\/\/www.e-redes.pt\/pt-pt\/o-que-fazemos\/qualidade-de-servico\/consulte-interrupcoes-agendadas\" data-wpel-link=\"external\" target=\"_blank\" rel=\"nofollow external noopener noreferrer\" class=\"ext-link\">site da E-Redes<\/a>.<\/p>\n<p>    <a href=\"https:\/\/zap.aeiou.pt\/subscrever-newsletter\" data-wpel-link=\"internal\" rel=\"nofollow noopener\" target=\"_blank\">&#13;<br \/>\n        <img loading=\"lazy\" decoding=\"async\" class=\"aligncenter size-full wp-image-575475\" src=\"https:\/\/www.europesays.com\/pt\/wp-content\/uploads\/2025\/10\/1759862234_971_2d51fe4a0ba54894421ead1809309ed9-1-450x140.jpg\" alt=\"Subscreva a Newsletter ZAP\" width=\"450\" height=\"140\"\/>&#13;<br \/>\n    <\/a><\/p>\n<p>                <a href=\"https:\/\/whatsapp.com\/channel\/0029VaIC4EE2f3EJZPPSbR34\" data-wpel-link=\"external\" target=\"_blank\" rel=\"nofollow external noopener noreferrer\" class=\"ext-link\">&#13;<br \/>\n                    <img loading=\"lazy\" decoding=\"async\" class=\"aligncenter size-full wp-image-575475\" src=\"https:\/\/www.europesays.com\/pt\/wp-content\/uploads\/2025\/10\/1759862234_512_c68c559d956d4ca20f435ed74a6e71e6.png\" alt=\"Siga-nos no WhatsApp\" width=\"175\" height=\"64\"\/>&#13;<br \/>\n                <\/a><\/p>\n<p>                <a href=\"https:\/\/news.google.com\/publications\/CAAiEHRwZondIV71PDjWNoqMduEqFAgKIhB0cGaJ3SFe9Tw41jaKjHbh?hl=en-US&amp;gl=US&amp;ceid=US%3Aen\" data-wpel-link=\"external\" target=\"_blank\" rel=\"nofollow external noopener noreferrer\" class=\"ext-link\">&#13;<br \/>\n                    <img loading=\"lazy\" decoding=\"async\" class=\"aligncenter size-full wp-image-575475\" src=\"https:\/\/www.europesays.com\/pt\/wp-content\/uploads\/2025\/10\/1759862235_242_5123dd8b087b644fdb8f8603acd1bad4.png\" alt=\"Siga-nos no Google News\" width=\"176\" height=\"64\"\/>&#13;<br \/>\n                <\/a><\/p>\n","protected":false},"excerpt":{"rendered":"Ant\u00f3nio Pedro Santos \/ Lusa Passageiro apanha autocarro no Campo Grande \u00e0s escuras devido ao apag\u00e3o A\u00ed vem&hellip;\n","protected":false},"author":2,"featured_media":144622,"comment_status":"","ping_status":"","sticky":false,"template":"","format":"standard","meta":{"footnotes":""},"categories":[10],"tags":[27,28,9475,15,16,14,9020,25,26,797,9106,21,22,12,13,19,20,5663,31795,32,23,24,33,1913,30875,17,18,29,30,31],"class_list":{"0":"post-144621","1":"post","2":"type-post","3":"status-publish","4":"format-standard","5":"has-post-thumbnail","7":"category-portugal","8":"tag-breaking-news","9":"tag-breakingnews","10":"tag-faro","11":"tag-featured-news","12":"tag-featurednews","13":"tag-headlines","14":"tag-lagos","15":"tag-latest-news","16":"tag-latestnews","17":"tag-lisboa","18":"tag-luz","19":"tag-main-news","20":"tag-mainnews","21":"tag-news","22":"tag-noticias","23":"tag-noticias-principais","24":"tag-noticiasprincipais","25":"tag-oeiras","26":"tag-olhao","27":"tag-portugal","28":"tag-principais-noticias","29":"tag-principaisnoticias","30":"tag-pt","31":"tag-sintra","32":"tag-tomar","33":"tag-top-stories","34":"tag-topstories","35":"tag-ultimas","36":"tag-ultimas-noticias","37":"tag-ultimasnoticias"},"share_on_mastodon":{"url":"https:\/\/pubeurope.com\/@pt\/115515945754597334","error":""},"_links":{"self":[{"href":"https:\/\/www.europesays.com\/pt\/wp-json\/wp\/v2\/posts\/144621","targetHints":{"allow":["GET"]}}],"collection":[{"href":"https:\/\/www.europesays.com\/pt\/wp-json\/wp\/v2\/posts"}],"about":[{"href":"https:\/\/www.europesays.com\/pt\/wp-json\/wp\/v2\/types\/post"}],"author":[{"embeddable":true,"href":"https:\/\/www.europesays.com\/pt\/wp-json\/wp\/v2\/users\/2"}],"replies":[{"embeddable":true,"href":"https:\/\/www.europesays.com\/pt\/wp-json\/wp\/v2\/comments?post=144621"}],"version-history":[{"count":0,"href":"https:\/\/www.europesays.com\/pt\/wp-json\/wp\/v2\/posts\/144621\/revisions"}],"wp:featuredmedia":[{"embeddable":true,"href":"https:\/\/www.europesays.com\/pt\/wp-json\/wp\/v2\/media\/144622"}],"wp:attachment":[{"href":"https:\/\/www.europesays.com\/pt\/wp-json\/wp\/v2\/media?parent=144621"}],"wp:term":[{"taxonomy":"category","embeddable":true,"href":"https:\/\/www.europesays.com\/pt\/wp-json\/wp\/v2\/categories?post=144621"},{"taxonomy":"post_tag","embeddable":true,"href":"https:\/\/www.europesays.com\/pt\/wp-json\/wp\/v2\/tags?post=144621"}],"curies":[{"name":"wp","href":"https:\/\/api.w.org\/{rel}","templated":true}]}}