{"id":144627,"date":"2025-11-08T20:27:14","date_gmt":"2025-11-08T20:27:14","guid":{"rendered":"https:\/\/www.europesays.com\/pt\/144627\/"},"modified":"2025-11-08T20:27:14","modified_gmt":"2025-11-08T20:27:14","slug":"continua-a-ver-as-sobrinhas-catarina-miranda-da-novos-detalhes-sobre-a-zanga-com-sergio-duarte-secret-story","status":"publish","type":"post","link":"https:\/\/www.europesays.com\/pt\/144627\/","title":{"rendered":"Continua a ver as &#8220;sobrinhas&#8221;? Catarina Miranda d\u00e1 novos detalhes sobre a zanga com S\u00e9rgio Duarte &#8211; Secret Story"},"content":{"rendered":"<p><strong>Catarina Miranda e S\u00e9rgio Duarte eram os melhores amigos desde que se conheceram no Big Brother 2024<\/strong>, mas agora est\u00e3o de costas voltadas. Os <a href=\"https:\/\/tvi.iol.pt\/secretstory\/catarina-miranda\/sergio-duarte\/novos-detalhes-do-fim-da-amizade-entre-catarina-miranda-e-sergio-duarte-ha-coisas-que-valem-mais-do-que-o-dinheiro\" rel=\"nofollow noopener\" target=\"_blank\">ex-concorrentes zangaram-se por causa de neg\u00f3cios<\/a> e, agora, a finalista do Big Brother Ver\u00e3o revelou novos detalhes sobre o assunto.<\/p>\n<p>As revela\u00e7\u00f5es foram feitas no podcast O que diz o teu cora\u00e7\u00e3o, de Vera de Melo, onde <a href=\"https:\/\/tvi.iol.pt\/secretstory\/search?pagina=1&amp;pesquisa=catarina+miranda\" rel=\"nofollow noopener\" target=\"_blank\">Catarina Miranda e Afonso Leit\u00e3o<\/a> foram os grandes convidados. A <strong>ex-concorrente contou que continua a ver as &#8216;sobrinhas&#8217;, <\/strong>filha do agora ex-amigo, mas que para isso tiveram de chegar a um acordo.<\/p>\n<p>\u00abA nossa rela\u00e7\u00e3o neste momento n\u00e3o est\u00e1, n\u00e3o h\u00e1 rela\u00e7\u00e3o. N\u00e3o posso dizer que \u00e9 terminada, porque n\u00e3o sei o dia de amanh\u00e3 e at\u00e9 porque tenho duas sobrinhas, que \u00e9 como se fossem minhas. Mas n\u00f3s n\u00e3o estamos bem. <strong>Eu sou uma pessoa muito grata \u00e0s pessoas que sempre me apoiaram e sempre me ajudaram, principalmente o S\u00e9rgio e a Vanda,<\/strong> porque foram os meus melhores amigos durante muito tempo. As pessoas criticam-me muito a mim porque sou sempre eu que dou a cara, porque quando estamos a ver uma rela\u00e7\u00e3o que corre mal, \u00e9 sempre aquele que \u00e9 mais exposto que \u00e9<strong> o culpado ou tenta-se meter a culpa em algu\u00e9m e nem sempre \u00e9 justo<\/strong>\u00bb, come\u00e7ou por explicar.<\/p>\n<p>Vera de Melo quis saber o que correu mal e Catarina Miranda respondeu, sem hesita\u00e7\u00f5es: \u00abAcho que n\u00e3o estamos na mesma fase da vida literalmente e <strong>n\u00e3o vemos as coisas da mesma maneira em muitos aspetos<\/strong>: em termos de empresa, que n\u00f3s cri\u00e1mos uma, em termos de vida mesmo, e eu agora estou com o Afonso e vou fazer vida com o Afonso, portanto, temos de ter os nossos tempos. Afastar \u00e0s vezes tamb\u00e9m \u00e9 bom, n\u00f3s afastarmo-nos por um tempo das pessoas e depois vermos se realmente era isto que quer\u00edamos\u00bb.<\/p>\n<p>Catarina Miranda abre o cora\u00e7\u00e3o para falar das &#8220;sobrinhas&#8221; <\/p>\n<p>Na mesma conversa, <a href=\"https:\/\/tvi.iol.pt\/secretstory\/catarina-miranda\/visual\/catarina-miranda-muda-radicalmente-de-visual-e-esta-mais-arrojada-do-que-nunca\" rel=\"nofollow noopener\" target=\"_blank\">Catarina Miranda falou sobre as sobrinhas de cora\u00e7\u00e3o <\/a>e garantiu que o seu la\u00e7o com as meninas vai permanecer intacto.<\/p>\n<p>\u00abH\u00e1 uma coisa bonita que \u00e9 quase como aqueles div\u00f3rcios quando h\u00e1 um filho: <strong>a primeira imposi\u00e7\u00e3o dele para mim e de mim para ele foi m\u00fatua que \u00e9 n\u00e3o deixar de ver as minhas sobrinhas nem ter contacto com elas<\/strong>. Portanto, nisso estamos bem e falamos bem: vou busc\u00e1-las, vou passear com elas se for preciso mais o Afonso e depois devolvemos aos pais e elas continuam a ser minhas sobrinhas\u00bb.<\/p>\n<p>Catarina Miranda disse ainda que <strong>\u00abama muito\u00bb as sobrinhas<\/strong>, mas garantiu que n\u00e3o acredita numa \u00abreconcilia\u00e7\u00e3o\u00bb com S\u00e9rgio Duarte.<\/p>\n<p>\u00ab<strong>Honestamente, n\u00e3o acredito, porque acredito que quando h\u00e1 uma rutura de confian\u00e7a na amizade e em outras rela\u00e7\u00f5es,<\/strong> assim que a confian\u00e7a \u00e9 quebrada nunca mais pode voltar a ser fixada. Acredito em segundas oportunidades, antigamente n\u00e3o acreditava, mas hoje em dia cada vez acredito nas segundas oportunidades. Mas j\u00e1 n\u00e3o vai ser como a primeira. Acho que pode voltar a ser parecido, mas igual nunca vai ser\u00bb, disse.<\/p>\n<p>\u00ab<strong>Acho que h\u00e1 coisas que n\u00e3o se fazem e deixam-me muito triste<\/strong>, porque era uma pessoa que eu gostava muito e de repente houve uma quebra de confian\u00e7a que n\u00e3o vou aprofundar, mas que n\u00e3o gostei, acho que foi feio. Acho que no fundo n\u00e3o se deve misturar empresas com amizade e \u00e9 isso\u00bb, findou.<\/p>\n<p><strong>Veja aqui as imagens completas:<\/strong><\/p>\n","protected":false},"excerpt":{"rendered":"Catarina Miranda e S\u00e9rgio Duarte eram os melhores amigos desde que se conheceram no Big Brother 2024, mas&hellip;\n","protected":false},"author":2,"featured_media":134319,"comment_status":"","ping_status":"","sticky":false,"template":"","format":"standard","meta":{"footnotes":""},"categories":[142],"tags":[18706,342,114,115,18705,32,33,5068,151,18704],"class_list":{"0":"post-144627","1":"post","2":"type-post","3":"status-publish","4":"format-standard","5":"has-post-thumbnail","7":"category-tv","8":"tag-bastidores-secret-story","9":"tag-catarina-miranda","10":"tag-entertainment","11":"tag-entretenimento","12":"tag-entrevistas-concorrentes-tvi","13":"tag-portugal","14":"tag-pt","15":"tag-sergio-duarte","16":"tag-tv","17":"tag-vida-fora-da-casa"},"share_on_mastodon":{"url":"https:\/\/pubeurope.com\/@pt\/115515964972559535","error":""},"_links":{"self":[{"href":"https:\/\/www.europesays.com\/pt\/wp-json\/wp\/v2\/posts\/144627","targetHints":{"allow":["GET"]}}],"collection":[{"href":"https:\/\/www.europesays.com\/pt\/wp-json\/wp\/v2\/posts"}],"about":[{"href":"https:\/\/www.europesays.com\/pt\/wp-json\/wp\/v2\/types\/post"}],"author":[{"embeddable":true,"href":"https:\/\/www.europesays.com\/pt\/wp-json\/wp\/v2\/users\/2"}],"replies":[{"embeddable":true,"href":"https:\/\/www.europesays.com\/pt\/wp-json\/wp\/v2\/comments?post=144627"}],"version-history":[{"count":0,"href":"https:\/\/www.europesays.com\/pt\/wp-json\/wp\/v2\/posts\/144627\/revisions"}],"wp:featuredmedia":[{"embeddable":true,"href":"https:\/\/www.europesays.com\/pt\/wp-json\/wp\/v2\/media\/134319"}],"wp:attachment":[{"href":"https:\/\/www.europesays.com\/pt\/wp-json\/wp\/v2\/media?parent=144627"}],"wp:term":[{"taxonomy":"category","embeddable":true,"href":"https:\/\/www.europesays.com\/pt\/wp-json\/wp\/v2\/categories?post=144627"},{"taxonomy":"post_tag","embeddable":true,"href":"https:\/\/www.europesays.com\/pt\/wp-json\/wp\/v2\/tags?post=144627"}],"curies":[{"name":"wp","href":"https:\/\/api.w.org\/{rel}","templated":true}]}}