{"id":144630,"date":"2025-11-08T20:30:09","date_gmt":"2025-11-08T20:30:09","guid":{"rendered":"https:\/\/www.europesays.com\/pt\/144630\/"},"modified":"2025-11-08T20:30:09","modified_gmt":"2025-11-08T20:30:09","slug":"futebol-feminino-fc-porto-perde-pela-primeira-vez-para-o-campeonato","status":"publish","type":"post","link":"https:\/\/www.europesays.com\/pt\/144630\/","title":{"rendered":"Futebol feminino: FC Porto perde pela primeira vez para o campeonato"},"content":{"rendered":"<p>30 jogos e 234 golos marcados depois, a equipa feminina do FC Porto perdeu um jogo para o campeonato.<\/p>\n<p>As autoras do feito foram da equipa do Gil Vicente que venceram, este s\u00e1bado, por 1-0, numa partida a contar para a quinta jornada da II Divis\u00e3o.<\/p>\n<p>Mesmo com a derrota, as azuis e brancas lideram a fase norte da II Divis\u00e3o com 12 pontos, mais um que os galos que seguem na segunda posi\u00e7\u00e3o.<\/p>\n<blockquote class=\"twitter-tweet\">\n<p lang=\"pt\">JUNTAS, at\u00e9 ao fim \ud83e\ude77<\/p>\n<p>\u26bd\ufe0f Maia <a href=\"https:\/\/twitter.com\/hashtag\/MoldadosPorN%C3%B3s?src=hash&amp;ref_src=twsrc%5Etfw\" rel=\"nofollow noopener\" target=\"_blank\">#MoldadosPorN\u00f3s<\/a> <a href=\"https:\/\/t.co\/nCQzJIl8Hd\" rel=\"nofollow\">pic.twitter.com\/nCQzJIl8Hd<\/a><\/p>\n<p> \u2014 Gil Vicente Futebol Clube (@GilVicente_fc)<br \/>\n  <a href=\"https:\/\/twitter.com\/GilVicente_fc\/status\/1987212718148063712?ref_src=twsrc%5Etfw\" rel=\"nofollow noopener\" target=\"_blank\">November 8, 2025<\/a>\n <\/p><\/blockquote>\n<p>                                <script async src=\"https:\/\/platform.twitter.com\/widgets.js\" charset=\"utf-8\"><\/script><\/p>\n","protected":false},"excerpt":{"rendered":"30 jogos e 234 golos marcados depois, a equipa feminina do FC Porto perdeu um jogo para o&hellip;\n","protected":false},"author":2,"featured_media":144631,"comment_status":"","ping_status":"","sticky":false,"template":"","format":"standard","meta":{"footnotes":""},"categories":[87],"tags":[135,282,2388,9112,31796,4238,46,32,33,47,134],"class_list":{"0":"post-144630","1":"post","2":"type-post","3":"status-publish","4":"format-standard","5":"has-post-thumbnail","7":"category-desporto","8":"tag-desporto","9":"tag-fc-porto","10":"tag-futebol-feminino","11":"tag-gil-vicente","12":"tag-ii-divisao","13":"tag-incrivel","14":"tag-maisfutebol","15":"tag-portugal","16":"tag-pt","17":"tag-pura-paixao","18":"tag-sports"},"share_on_mastodon":{"url":"https:\/\/pubeurope.com\/@pt\/115515976867362097","error":""},"_links":{"self":[{"href":"https:\/\/www.europesays.com\/pt\/wp-json\/wp\/v2\/posts\/144630","targetHints":{"allow":["GET"]}}],"collection":[{"href":"https:\/\/www.europesays.com\/pt\/wp-json\/wp\/v2\/posts"}],"about":[{"href":"https:\/\/www.europesays.com\/pt\/wp-json\/wp\/v2\/types\/post"}],"author":[{"embeddable":true,"href":"https:\/\/www.europesays.com\/pt\/wp-json\/wp\/v2\/users\/2"}],"replies":[{"embeddable":true,"href":"https:\/\/www.europesays.com\/pt\/wp-json\/wp\/v2\/comments?post=144630"}],"version-history":[{"count":0,"href":"https:\/\/www.europesays.com\/pt\/wp-json\/wp\/v2\/posts\/144630\/revisions"}],"wp:featuredmedia":[{"embeddable":true,"href":"https:\/\/www.europesays.com\/pt\/wp-json\/wp\/v2\/media\/144631"}],"wp:attachment":[{"href":"https:\/\/www.europesays.com\/pt\/wp-json\/wp\/v2\/media?parent=144630"}],"wp:term":[{"taxonomy":"category","embeddable":true,"href":"https:\/\/www.europesays.com\/pt\/wp-json\/wp\/v2\/categories?post=144630"},{"taxonomy":"post_tag","embeddable":true,"href":"https:\/\/www.europesays.com\/pt\/wp-json\/wp\/v2\/tags?post=144630"}],"curies":[{"name":"wp","href":"https:\/\/api.w.org\/{rel}","templated":true}]}}