{"id":144638,"date":"2025-11-08T20:38:11","date_gmt":"2025-11-08T20:38:11","guid":{"rendered":"https:\/\/www.europesays.com\/pt\/144638\/"},"modified":"2025-11-08T20:38:11","modified_gmt":"2025-11-08T20:38:11","slug":"vem-buscar-aqui-fora-record","status":"publish","type":"post","link":"https:\/\/www.europesays.com\/pt\/144638\/","title":{"rendered":"\u2018Vem buscar aqui fora\u2019 \u2013 Record"},"content":{"rendered":"<p><img decoding=\"async\" data-chromatic=\"ignore\" alt=\"\" class=\"c-image\" loading=\"lazy\" src=\"https:\/\/www.europesays.com\/pt\/wp-content\/uploads\/2025\/11\/6H3RFQJIG5F2HMI7DCO5HJOEEE.png\"  width=\"677\" height=\"339\"\/>Voc\u00ea torceu para Yon\u00e1 e Antony nos realities da RECORD? Reprodu\u00e7\u00e3o\/Instagram <\/p>\n<p class=\"jarvics:base-text-neutral-high-400 base-text-[calc(theme(fontSize.xs)_*_var(--font-size,_1))] base-font-normal base-font-primary base-text-neutral-low-500 base-text-left\">Tal m\u00e3e, tal filho, <a href=\"https:\/\/record.r7.com\/a-fazenda\/a-fazenda-17\/peoes\/yona-sousa\" target=\"_self\" rel=\"nofollow noopener\" title=\"https:\/\/record.r7.com\/a-fazenda\/a-fazenda-17\/peoes\/yona-sousa\"><b>Yon\u00e1 Sousa<\/b><\/a> e Antony Marquez n\u00e3o perdem a oportunidade de um bom deboche. Ao se despedir da competi\u00e7\u00e3o de <a href=\"https:\/\/record.r7.com\/a-fazenda\/a-fazenda-17\/\" target=\"_self\" rel=\"nofollow noopener\" title=\"https:\/\/record.r7.com\/a-fazenda\/a-fazenda-17\/\"><b>A Fazenda 17<\/b><\/a> na quinta (6), a advogada deixou sua marca do caos na sede e o modelo aproveitou a gracinha para movimentar a web. <\/p>\n<ul class=\"b-article-body__list-unordered\">\n<li><b>Quer ficar por dentro de tudo que est\u00e1 acontecendo em\u00a0<\/b><b>A Fazenda 17<\/b><b>?\u00a0<\/b><a href=\"https:\/\/www.whatsapp.com\/channel\/0029Va2cJIR1noz2ahzX0D1N\" target=\"_blank\" rel=\"noreferrer nofollow noopener\" title=\"https:\/\/www.whatsapp.com\/channel\/0029Va2cJIR1noz2ahzX0D1N\"><b>Clique aqui<\/b><\/a><b>\u00a0e fa\u00e7a parte do nosso canal no WhatsApp!<\/b><\/li>\n<\/ul>\n<p class=\"jarvics:base-text-neutral-high-400 base-text-[calc(theme(fontSize.xs)_*_var(--font-size,_1))] base-font-normal base-font-primary base-text-neutral-low-500 base-text-left\">Enquanto arrumava sua mala para enfrentar a Ro\u00e7a, Yon\u00e1 guardou de \u201clembran\u00e7a\u201d alguns potes de doce de leite da despensa. Como esperado, a falta da sobremesa na sede foi <a href=\"https:\/\/record.r7.com\/a-fazenda\/a-fazenda-17\/novidades\/procura-se-doce-de-leite-shia-phoenix-se-estressa-com-o-sumico-da-sobremesa-foi-a-quinta-serie-08112025\/\" target=\"_self\" rel=\"nofollow noopener\" title=\"https:\/\/record.r7.com\/a-fazenda\/a-fazenda-17\/novidades\/procura-se-doce-de-leite-shia-phoenix-se-estressa-com-o-sumico-da-sobremesa-foi-a-quinta-serie-08112025\/\"><b>motivo de barraco<\/b><\/a> entre os competidores, que n\u00e3o fazem ideia do real destino do doce. <\/p>\n<p class=\"jarvics:base-text-neutral-high-400 base-text-[calc(theme(fontSize.xs)_*_var(--font-size,_1))] base-font-normal base-font-primary base-text-neutral-low-500 base-text-left\">Ao lado da m\u00e3e para o que der e vier, Antony mostrou que al\u00e9m dos rivais no <a href=\"https:\/\/record.r7.com\/power-couple-brasil-7\/\" target=\"_self\" rel=\"nofollow noopener\" title=\"https:\/\/record.r7.com\/power-couple-brasil-7\/\"><b>Power Couple Brasil<\/b><\/a>, os inimigos de Yon\u00e1 no reality rural tamb\u00e9m fazem parte da sua lista de desafetos. <\/p>\n<p class=\"jarvics:base-text-neutral-high-400 base-text-[calc(theme(fontSize.xs)_*_var(--font-size,_1))] base-font-normal base-font-primary base-text-neutral-low-500 base-text-left\">No seu perfil oficial na web, o modelo gravou um v\u00eddeo com a ex-peoa e eles n\u00e3o economizaram no deboche. \u201cEst\u00e1 tendo treta na casa por causa de doce de leite\u201d, comentou Antony. <\/p>\n<p class=\"jarvics:base-text-neutral-high-400 base-text-[calc(theme(fontSize.xs)_*_var(--font-size,_1))] base-font-normal base-font-primary base-text-neutral-low-500 base-text-left\">A advogada apareceu em seguida segurando a sobremesa e disparou: \u201cOnde est\u00e1? Achou. Vem buscar aqui fora, <a href=\"https:\/\/record.r7.com\/a-fazenda\/a-fazenda-17\/peoes\/shia-phoenix\" target=\"_self\" rel=\"nofollow noopener\" title=\"https:\/\/record.r7.com\/a-fazenda\/a-fazenda-17\/peoes\/shia-phoenix\"><b>Shia<\/b><\/a> [<a href=\"https:\/\/record.r7.com\/a-fazenda\/a-fazenda-17\/peoes\/shia-phoenix\" target=\"_self\" rel=\"nofollow noopener\" title=\"https:\/\/record.r7.com\/a-fazenda\/a-fazenda-17\/peoes\/shia-phoenix\"><b>Phoenix<\/b><\/a>], na pr\u00f3xima Ro\u00e7a. Estressadinho\u201d. <\/p>\n<p class=\"jarvics:base-text-neutral-high-400 base-text-[calc(theme(fontSize.xs)_*_var(--font-size,_1))] base-font-normal base-font-primary base-text-neutral-low-500 base-text-left\">Na legenda, o modelo enalteceu a atitude da m\u00e3e: \u201cImprevis\u00edvel demais. Mesmo fora [do reality] ela ainda causa. Trouxe todos os doces de A Fazenda na mala e eles [pe\u00f5es] l\u00e1 pirando sem um docinho\u201d. <\/p>\n<p class=\"jarvics:base-text-neutral-high-400 base-text-[calc(theme(fontSize.xs)_*_var(--font-size,_1))] base-font-normal base-font-primary base-text-neutral-low-500 base-text-left\">Al\u00e9m de muitas risadas, os internautas deixaram uma chuva de elogios \u00e0 advogada nos coment\u00e1rios. <\/p>\n<p class=\"jarvics:base-text-neutral-high-400 base-text-[calc(theme(fontSize.xs)_*_var(--font-size,_1))] base-font-normal base-font-primary base-text-neutral-low-500 base-text-left\">\u201cLend\u00e1ria mexendo no jogo mesmo fora\u201d, observou uma seguidora. Outra garantiu: \u201cNossa diva, ic\u00f4nica Yon\u00e1! Entrou para a hist\u00f3ria de A Fazenda\u201d. <\/p>\n<p class=\"jarvics:base-text-neutral-high-400 base-text-[calc(theme(fontSize.xs)_*_var(--font-size,_1))] base-font-normal base-font-primary base-text-neutral-low-500 base-text-left\">Quando ser\u00e1 que os pe\u00f5es v\u00e3o descobrir a verdade por tr\u00e1s do sumi\u00e7o do doce?<\/p>\n<p class=\"jarvics:base-text-neutral-high-400 base-text-[calc(theme(fontSize.xs)_*_var(--font-size,_1))] base-font-normal base-font-primary base-text-neutral-low-500 base-text-left\">Fique ligado! <a href=\"https:\/\/record.r7.com\/a-fazenda\/a-fazenda-17\/\" rel=\"nofollow noopener\" title=\"https:\/\/record.r7.com\/a-fazenda\/a-fazenda-17\/\" target=\"_blank\"><b>A Fazenda 17<\/b><\/a> vai ao ar de segunda a domingo, \u00e0s 22h30, na tela da <a href=\"https:\/\/record.r7.com\/\" rel=\"nofollow noopener\" target=\"_blank\"><b>RECORD<\/b><\/a>. Assine o <a href=\"https:\/\/www.recordplus.com\/home\" rel=\"nofollow noopener\" title=\"https:\/\/www.recordplus.com\/home\" target=\"_blank\"><b>RecordPlus<\/b><\/a> e tenha acesso \u00e0s c\u00e2meras 24 horas.<\/p>\n<p><b>Beijos, fofoca e reconcilia\u00e7\u00e3o: veja tudo o que rolou na Festa Aurora de <\/b><b>A Fazenda<\/b><\/p>\n<p class=\"jarvics:base-text-neutral-high-400 base-text-[calc(theme(fontSize.xxs)_*_var(--font-size,_1))] base-font-semibold base-font-primary base-text-neutral-low-500 base-text-left\">A Festa Aurora trouxe um respiro de paz para os pe\u00f5es de A Fazenda 17. Ao som de muito pagode, a noite foi marcada por risadas, dancinhas e reconcilia\u00e7\u00f5es entre os casais. Depois de tantas tretas, a sede finalmente viveu momentos de uni\u00e3o, pelo menos por enquanto! Veja os detalhes da festa<\/p>\n","protected":false},"excerpt":{"rendered":"Voc\u00ea torceu para Yon\u00e1 e Antony nos realities da RECORD? Reprodu\u00e7\u00e3o\/Instagram Tal m\u00e3e, tal filho, Yon\u00e1 Sousa e&hellip;\n","protected":false},"author":2,"featured_media":144639,"comment_status":"","ping_status":"","sticky":false,"template":"","format":"standard","meta":{"footnotes":""},"categories":[145],"tags":[657,31797,211,210,114,115,32,33,21864],"class_list":{"0":"post-144638","1":"post","2":"type-post","3":"status-publish","4":"format-standard","5":"has-post-thumbnail","7":"category-celebridades","8":"tag-a-fazenda","9":"tag-ana-paula-e-antony","10":"tag-celebridades","11":"tag-celebrities","12":"tag-entertainment","13":"tag-entretenimento","14":"tag-portugal","15":"tag-pt","16":"tag-yona-sousa"},"share_on_mastodon":{"url":"https:\/\/pubeurope.com\/@pt\/115516008385784456","error":""},"_links":{"self":[{"href":"https:\/\/www.europesays.com\/pt\/wp-json\/wp\/v2\/posts\/144638","targetHints":{"allow":["GET"]}}],"collection":[{"href":"https:\/\/www.europesays.com\/pt\/wp-json\/wp\/v2\/posts"}],"about":[{"href":"https:\/\/www.europesays.com\/pt\/wp-json\/wp\/v2\/types\/post"}],"author":[{"embeddable":true,"href":"https:\/\/www.europesays.com\/pt\/wp-json\/wp\/v2\/users\/2"}],"replies":[{"embeddable":true,"href":"https:\/\/www.europesays.com\/pt\/wp-json\/wp\/v2\/comments?post=144638"}],"version-history":[{"count":0,"href":"https:\/\/www.europesays.com\/pt\/wp-json\/wp\/v2\/posts\/144638\/revisions"}],"wp:featuredmedia":[{"embeddable":true,"href":"https:\/\/www.europesays.com\/pt\/wp-json\/wp\/v2\/media\/144639"}],"wp:attachment":[{"href":"https:\/\/www.europesays.com\/pt\/wp-json\/wp\/v2\/media?parent=144638"}],"wp:term":[{"taxonomy":"category","embeddable":true,"href":"https:\/\/www.europesays.com\/pt\/wp-json\/wp\/v2\/categories?post=144638"},{"taxonomy":"post_tag","embeddable":true,"href":"https:\/\/www.europesays.com\/pt\/wp-json\/wp\/v2\/tags?post=144638"}],"curies":[{"name":"wp","href":"https:\/\/api.w.org\/{rel}","templated":true}]}}