{"id":144650,"date":"2025-11-08T21:02:08","date_gmt":"2025-11-08T21:02:08","guid":{"rendered":"https:\/\/www.europesays.com\/pt\/144650\/"},"modified":"2025-11-08T21:02:08","modified_gmt":"2025-11-08T21:02:08","slug":"tondela-x-v-guimaraes-ao-minuto","status":"publish","type":"post","link":"https:\/\/www.europesays.com\/pt\/144650\/","title":{"rendered":"Tondela X V. Guimar\u00e3es &#8211; AO MINUTO"},"content":{"rendered":"<p>\n                        Vit\u00f3ria chega aos 14 pontos e sobe, \u00e0 condi\u00e7\u00e3o, ao s\u00e9timo lugar, esperando ainda o que fa\u00e7a o Sp. Braga (13 pontos) no domingo, ante o Moreirense. Pode ainda ser igualado por Santa Clara e Nacional, ambos com 11 pontos e ainda com os respetivos jogos desta jornada por realizar. O Santa Clara recebe o Sporting esta noite (20h30) e o Nacional visita o Estrela no domingo (15h30). O Tondela mant\u00e9m-se em 17.\u00ba e pen\u00faltimo, em zona de descida, com seis pontos.\n                    <\/p>\n","protected":false},"excerpt":{"rendered":"Vit\u00f3ria chega aos 14 pontos e sobe, \u00e0 condi\u00e7\u00e3o, ao s\u00e9timo lugar, esperando ainda o que fa\u00e7a o&hellip;\n","protected":false},"author":2,"featured_media":52081,"comment_status":"","ping_status":"","sticky":false,"template":"","format":"standard","meta":{"footnotes":""},"categories":[87],"tags":[135,32,479,10127,33,47,134,8136,3465],"class_list":{"0":"post-144650","1":"post","2":"type-post","3":"status-publish","4":"format-standard","5":"has-post-thumbnail","7":"category-desporto","8":"tag-desporto","9":"tag-portugal","10":"tag-primeira-liga","11":"tag-primeira-liga-2025-2026","12":"tag-pt","13":"tag-pura-paixao","14":"tag-sports","15":"tag-tondela","16":"tag-v-guimaraes"},"share_on_mastodon":{"url":"https:\/\/pubeurope.com\/@pt\/115516102760793277","error":""},"_links":{"self":[{"href":"https:\/\/www.europesays.com\/pt\/wp-json\/wp\/v2\/posts\/144650","targetHints":{"allow":["GET"]}}],"collection":[{"href":"https:\/\/www.europesays.com\/pt\/wp-json\/wp\/v2\/posts"}],"about":[{"href":"https:\/\/www.europesays.com\/pt\/wp-json\/wp\/v2\/types\/post"}],"author":[{"embeddable":true,"href":"https:\/\/www.europesays.com\/pt\/wp-json\/wp\/v2\/users\/2"}],"replies":[{"embeddable":true,"href":"https:\/\/www.europesays.com\/pt\/wp-json\/wp\/v2\/comments?post=144650"}],"version-history":[{"count":0,"href":"https:\/\/www.europesays.com\/pt\/wp-json\/wp\/v2\/posts\/144650\/revisions"}],"wp:featuredmedia":[{"embeddable":true,"href":"https:\/\/www.europesays.com\/pt\/wp-json\/wp\/v2\/media\/52081"}],"wp:attachment":[{"href":"https:\/\/www.europesays.com\/pt\/wp-json\/wp\/v2\/media?parent=144650"}],"wp:term":[{"taxonomy":"category","embeddable":true,"href":"https:\/\/www.europesays.com\/pt\/wp-json\/wp\/v2\/categories?post=144650"},{"taxonomy":"post_tag","embeddable":true,"href":"https:\/\/www.europesays.com\/pt\/wp-json\/wp\/v2\/tags?post=144650"}],"curies":[{"name":"wp","href":"https:\/\/api.w.org\/{rel}","templated":true}]}}