{"id":144655,"date":"2025-11-08T21:08:12","date_gmt":"2025-11-08T21:08:12","guid":{"rendered":"https:\/\/www.europesays.com\/pt\/144655\/"},"modified":"2025-11-08T21:08:12","modified_gmt":"2025-11-08T21:08:12","slug":"mulher-morre-atropelada-pelo-proprio-carro-em-lisboa-observador","status":"publish","type":"post","link":"https:\/\/www.europesays.com\/pt\/144655\/","title":{"rendered":"Mulher morre atropelada pelo pr\u00f3prio carro em Lisboa \u2013 Observador"},"content":{"rendered":"<p>Uma mulher de 49 anos morreu este s\u00e1bado ap\u00f3s ter sido \u201catropelada pelo pr\u00f3prio carro\u201d numa rua de S\u00e3o Domingos de Benfica, na cidade de Lisboa, informou \u00e0 Lusa fonte da Pol\u00edcia de Seguran\u00e7a P\u00fablica (PSP).<\/p>\n<p>O incidente ocorreu pelas 13h52 na Rua Mariano Pina, indicou fonte do Comando Metropolitano de Lisboa da PSP, referindo que o carro ter\u00e1 destravado ou foi mal travado, o que resultou na morte da pr\u00f3pria condutora.\u00a0A mesma fonte disse que n\u00e3o h\u00e1 suspeitas de crime.<\/p>\n<p>Fonte do Regimento de Sapadores Bombeiros de Lisboa disse \u00e0 Lusa que se tratou de um atropelamento e que o \u00f3bito foi declarado no local por um m\u00e9dico do Instituto Nacional de Emerg\u00eancia M\u00e9dica (INEM).<\/p>\n<p>O Regimento de Sapadores Bombeiros recebeu o alerta pelas 13h58 e mobilizou para o local uma viatura e seis operacionais, que se juntaram \u00e0s equipas da PSP e do INEM<\/p>\n","protected":false},"excerpt":{"rendered":"Uma mulher de 49 anos morreu este s\u00e1bado ap\u00f3s ter sido \u201catropelada pelo pr\u00f3prio carro\u201d numa rua de&hellip;\n","protected":false},"author":2,"featured_media":8238,"comment_status":"","ping_status":"","sticky":false,"template":"","format":"standard","meta":{"footnotes":""},"categories":[10],"tags":[59,8436,27,28,15,16,14,25,26,21,22,12,13,19,20,32,23,24,33,58,17,18,29,30,31],"class_list":{"0":"post-144655","1":"post","2":"type-post","3":"status-publish","4":"format-standard","5":"has-post-thumbnail","7":"category-portugal","8":"tag-acidente","9":"tag-acidente-rodoviu00e1rio","10":"tag-breaking-news","11":"tag-breakingnews","12":"tag-featured-news","13":"tag-featurednews","14":"tag-headlines","15":"tag-latest-news","16":"tag-latestnews","17":"tag-main-news","18":"tag-mainnews","19":"tag-news","20":"tag-noticias","21":"tag-noticias-principais","22":"tag-noticiasprincipais","23":"tag-portugal","24":"tag-principais-noticias","25":"tag-principaisnoticias","26":"tag-pt","27":"tag-sociedade","28":"tag-top-stories","29":"tag-topstories","30":"tag-ultimas","31":"tag-ultimas-noticias","32":"tag-ultimasnoticias"},"share_on_mastodon":{"url":"https:\/\/pubeurope.com\/@pt\/115516126194166326","error":""},"_links":{"self":[{"href":"https:\/\/www.europesays.com\/pt\/wp-json\/wp\/v2\/posts\/144655","targetHints":{"allow":["GET"]}}],"collection":[{"href":"https:\/\/www.europesays.com\/pt\/wp-json\/wp\/v2\/posts"}],"about":[{"href":"https:\/\/www.europesays.com\/pt\/wp-json\/wp\/v2\/types\/post"}],"author":[{"embeddable":true,"href":"https:\/\/www.europesays.com\/pt\/wp-json\/wp\/v2\/users\/2"}],"replies":[{"embeddable":true,"href":"https:\/\/www.europesays.com\/pt\/wp-json\/wp\/v2\/comments?post=144655"}],"version-history":[{"count":0,"href":"https:\/\/www.europesays.com\/pt\/wp-json\/wp\/v2\/posts\/144655\/revisions"}],"wp:featuredmedia":[{"embeddable":true,"href":"https:\/\/www.europesays.com\/pt\/wp-json\/wp\/v2\/media\/8238"}],"wp:attachment":[{"href":"https:\/\/www.europesays.com\/pt\/wp-json\/wp\/v2\/media?parent=144655"}],"wp:term":[{"taxonomy":"category","embeddable":true,"href":"https:\/\/www.europesays.com\/pt\/wp-json\/wp\/v2\/categories?post=144655"},{"taxonomy":"post_tag","embeddable":true,"href":"https:\/\/www.europesays.com\/pt\/wp-json\/wp\/v2\/tags?post=144655"}],"curies":[{"name":"wp","href":"https:\/\/api.w.org\/{rel}","templated":true}]}}