{"id":14470,"date":"2025-08-03T17:26:11","date_gmt":"2025-08-03T17:26:11","guid":{"rendered":"https:\/\/www.europesays.com\/pt\/14470\/"},"modified":"2025-08-03T17:26:11","modified_gmt":"2025-08-03T17:26:11","slug":"os-historicos-mayhem-no-vagos-metal-fest-mais-que-uma-banda-uma-religiao-mais-que-uma-religiao-uma-forca-bruta","status":"publish","type":"post","link":"https:\/\/www.europesays.com\/pt\/14470\/","title":{"rendered":"Os hist\u00f3ricos Mayhem no Vagos Metal Fest: mais que uma banda, uma religi\u00e3o, mais que uma religi\u00e3o, uma for\u00e7a bruta"},"content":{"rendered":"<p>Basta olhar para a hist\u00f3ria dos Mayhem para perceber que esta n\u00e3o \u00e9 uma banda como as outras. Para al\u00e9m do macabro, para al\u00e9m do crime e da trag\u00e9dia, h\u00e1 ali algo de indiz\u00edvel, uma centelha que ilumina os cora\u00e7\u00f5es mais negros, um grito de guerra. Em Vagos, escutou-se a voz de Euronymous, guitarrista e cofundador da banda, assassinado em 1993, a explic\u00e1-lo: \u201co black metal \u00e9 satanicamente intenso, encaramos isto como uma religi\u00e3o&#8221;. Talvez seja essa a palavra exata. Os Mayhem s\u00e3o mais que (d)os expoentes m\u00e1ximos de um g\u00e9nero musical que foi codificado na Noruega e da\u00ed partiu para o mundo: s\u00e3o um pante\u00edsmo demon\u00edaco, um culto de morte. Testemunh\u00e1mo-lo na noite de s\u00e1bado, no Vagos Metal Fest.<\/p>\n<p><a href=\"https:\/\/expresso.pt\/promo\/data\/content\/binaries\/custom\/expresso\/digital\/COGB6.html?returnUrl=https:\/\/expresso.pt\/blitz\/2025-08-03-os-historicos-mayhem-no-vagos-metal-fest-mais-que-uma-banda-uma-religiao-mais-que-uma-religiao-uma-forca-bruta-364b04d3&amp;utm_source=expresso&amp;utm_medium=locked_article&amp;locked=true&amp;article_id=40ee5419-cc06-4117-a979-e2f757d49ad5&amp;author_id=Paulo+Andr\u00e9+Cec\u00edlio&amp;category=Blitz\" target=\"_self\" class=\"\" rel=\"nofollow noopener\">Subscrever<\/a>J\u00e1 \u00e9 Subscritor?Fa\u00e7a login e continue a ler<a href=\"http:\/\/expresso.pt\/codigo?redirectUrl=https:\/\/expresso.pt\/blitz\/2025-08-03-os-historicos-mayhem-no-vagos-metal-fest-mais-que-uma-banda-uma-religiao-mais-que-uma-religiao-uma-forca-bruta-364b04d3\" target=\"_self\" class=\"\" rel=\"nofollow noopener\">Inserir C\u00f3digo<\/a>Comprou o Expresso?Insira o c\u00f3digo presente na Revista E para continuar a ler<\/p>\n","protected":false},"excerpt":{"rendered":"Basta olhar para a hist\u00f3ria dos Mayhem para perceber que esta n\u00e3o \u00e9 uma banda como as outras.&hellip;\n","protected":false},"author":2,"featured_media":14471,"comment_status":"","ping_status":"","sticky":false,"template":"","format":"standard","meta":{"footnotes":""},"categories":[141],"tags":[114,115,149,150,32,33],"class_list":{"0":"post-14470","1":"post","2":"type-post","3":"status-publish","4":"format-standard","5":"has-post-thumbnail","7":"category-musica","8":"tag-entertainment","9":"tag-entretenimento","10":"tag-music","11":"tag-musica","12":"tag-portugal","13":"tag-pt"},"share_on_mastodon":{"url":"","error":""},"_links":{"self":[{"href":"https:\/\/www.europesays.com\/pt\/wp-json\/wp\/v2\/posts\/14470","targetHints":{"allow":["GET"]}}],"collection":[{"href":"https:\/\/www.europesays.com\/pt\/wp-json\/wp\/v2\/posts"}],"about":[{"href":"https:\/\/www.europesays.com\/pt\/wp-json\/wp\/v2\/types\/post"}],"author":[{"embeddable":true,"href":"https:\/\/www.europesays.com\/pt\/wp-json\/wp\/v2\/users\/2"}],"replies":[{"embeddable":true,"href":"https:\/\/www.europesays.com\/pt\/wp-json\/wp\/v2\/comments?post=14470"}],"version-history":[{"count":0,"href":"https:\/\/www.europesays.com\/pt\/wp-json\/wp\/v2\/posts\/14470\/revisions"}],"wp:featuredmedia":[{"embeddable":true,"href":"https:\/\/www.europesays.com\/pt\/wp-json\/wp\/v2\/media\/14471"}],"wp:attachment":[{"href":"https:\/\/www.europesays.com\/pt\/wp-json\/wp\/v2\/media?parent=14470"}],"wp:term":[{"taxonomy":"category","embeddable":true,"href":"https:\/\/www.europesays.com\/pt\/wp-json\/wp\/v2\/categories?post=14470"},{"taxonomy":"post_tag","embeddable":true,"href":"https:\/\/www.europesays.com\/pt\/wp-json\/wp\/v2\/tags?post=14470"}],"curies":[{"name":"wp","href":"https:\/\/api.w.org\/{rel}","templated":true}]}}