{"id":144710,"date":"2025-11-08T22:22:08","date_gmt":"2025-11-08T22:22:08","guid":{"rendered":"https:\/\/www.europesays.com\/pt\/144710\/"},"modified":"2025-11-08T22:22:08","modified_gmt":"2025-11-08T22:22:08","slug":"menor-espanhola-foi-vendida-por-cinco-mil-euros-e-whisky-pais-foram-detidos-espanha","status":"publish","type":"post","link":"https:\/\/www.europesays.com\/pt\/144710\/","title":{"rendered":"Menor espanhola foi vendida por cinco mil euros e whisky. Pais foram detidos | Espanha"},"content":{"rendered":"<p>Cinco pessoas foram detidas em Espanha por suspeitas de tr\u00e1fico de uma adolescente de 14 anos. Os pais ter\u00e3o vendido a filha a outra fam\u00edlia por cinco mil euros, cinco garrafas de whisky e alguns alimentos b\u00e1sicos, para que se casasse com o filho deles, de 21 anos.<\/p>\n<p>Al\u00e9m dos pais da menor, detidos em Navarra, onde viviam, foram tamb\u00e9m detidos os pais e filho da outra fam\u00edlia, respons\u00e1veis pela compra e transporte da jovem para Mollerussa, em L\u00e9rida, onde ter\u00e1 sido obrigada n\u00e3o s\u00f3 a casar, mas tamb\u00e9m a mendigar.<\/p>\n<p>O <a href=\"https:\/\/elpais.com\/sociedad\/2025-11-08\/detenidas-cinco-personas-por-traficar-con-una-menor-de-14-anos-y-obligarla-a-contraer-matrimonio-en-lleida.html\" target=\"_blank\" rel=\"nofollow noopener\">El Pa\u00eds<\/a> relata que o caso veio \u00e0 tona quando assistentes sociais de Navarra participaram o desaparecimento da jovem. A pol\u00edcia acreditava que pudesse estar em L\u00e9rida e emitiu um alerta para os Mossos d\u2019Esquadra (pol\u00edcia catal\u00e3) \u2014 que, a 3 de Outubro, se revelou bem-sucedido. A jovem acabou por ser localizada depois de um homem lhe ter oferecido um pacote de bolachas que tentou trocar por dinheiro num supermercado. Surpreendido, o homem alertou a pol\u00edcia, que j\u00e1 transferiu a jovem para um centro de protec\u00e7\u00e3o, onde est\u00e1 a receber assist\u00eancia psicol\u00f3gica.<\/p>\n<p>Os cinco detidos, com idades entre os 20 e os 42 anos, s\u00e3o acusados de crime de <a href=\"https:\/\/www.publico.pt\/2025\/10\/26\/sociedade\/noticia\/libertadas-espanha-oito-mulheres-vitimas-rede-trafico-liderada-partir-algarve-2152196\" rel=\"nofollow noopener\" target=\"_blank\">tr\u00e1fico de seres humanos<\/a> para fins de <a href=\"https:\/\/www.publico.pt\/2024\/10\/29\/sociedade\/noticia\/oito-anos-organizacoes-identificaram-836-casos-casamentos-infantis-forcados-2109926\" rel=\"nofollow noopener\" target=\"_blank\">casamento for\u00e7ado <\/a>e de explora\u00e7\u00e3o de menores. A investiga\u00e7\u00e3o continua a decorrer e n\u00e3o foi descartada a possibilidade de acrescentar uma acusa\u00e7\u00e3o de abuso sexual.<\/p>\n","protected":false},"excerpt":{"rendered":"Cinco pessoas foram detidas em Espanha por suspeitas de tr\u00e1fico de uma adolescente de 14 anos. Os pais&hellip;\n","protected":false},"author":2,"featured_media":144711,"comment_status":"","ping_status":"","sticky":false,"template":"","format":"standard","meta":{"footnotes":""},"categories":[50],"tags":[27,28,8629,604,640,15,16,14,25,26,21,22,62,12,13,19,20,23,24,17,18,29,30,31,63,64,65],"class_list":{"0":"post-144710","1":"post","2":"type-post","3":"status-publish","4":"format-standard","5":"has-post-thumbnail","7":"category-mundo","8":"tag-breaking-news","9":"tag-breakingnews","10":"tag-catalunha","11":"tag-crime","12":"tag-espanha","13":"tag-featured-news","14":"tag-featurednews","15":"tag-headlines","16":"tag-latest-news","17":"tag-latestnews","18":"tag-main-news","19":"tag-mainnews","20":"tag-mundo","21":"tag-news","22":"tag-noticias","23":"tag-noticias-principais","24":"tag-noticiasprincipais","25":"tag-principais-noticias","26":"tag-principaisnoticias","27":"tag-top-stories","28":"tag-topstories","29":"tag-ultimas","30":"tag-ultimas-noticias","31":"tag-ultimasnoticias","32":"tag-world","33":"tag-world-news","34":"tag-worldnews"},"share_on_mastodon":{"url":"https:\/\/pubeurope.com\/@pt\/115516417205397071","error":""},"_links":{"self":[{"href":"https:\/\/www.europesays.com\/pt\/wp-json\/wp\/v2\/posts\/144710","targetHints":{"allow":["GET"]}}],"collection":[{"href":"https:\/\/www.europesays.com\/pt\/wp-json\/wp\/v2\/posts"}],"about":[{"href":"https:\/\/www.europesays.com\/pt\/wp-json\/wp\/v2\/types\/post"}],"author":[{"embeddable":true,"href":"https:\/\/www.europesays.com\/pt\/wp-json\/wp\/v2\/users\/2"}],"replies":[{"embeddable":true,"href":"https:\/\/www.europesays.com\/pt\/wp-json\/wp\/v2\/comments?post=144710"}],"version-history":[{"count":0,"href":"https:\/\/www.europesays.com\/pt\/wp-json\/wp\/v2\/posts\/144710\/revisions"}],"wp:featuredmedia":[{"embeddable":true,"href":"https:\/\/www.europesays.com\/pt\/wp-json\/wp\/v2\/media\/144711"}],"wp:attachment":[{"href":"https:\/\/www.europesays.com\/pt\/wp-json\/wp\/v2\/media?parent=144710"}],"wp:term":[{"taxonomy":"category","embeddable":true,"href":"https:\/\/www.europesays.com\/pt\/wp-json\/wp\/v2\/categories?post=144710"},{"taxonomy":"post_tag","embeddable":true,"href":"https:\/\/www.europesays.com\/pt\/wp-json\/wp\/v2\/tags?post=144710"}],"curies":[{"name":"wp","href":"https:\/\/api.w.org\/{rel}","templated":true}]}}