{"id":144714,"date":"2025-11-08T22:25:09","date_gmt":"2025-11-08T22:25:09","guid":{"rendered":"https:\/\/www.europesays.com\/pt\/144714\/"},"modified":"2025-11-08T22:25:09","modified_gmt":"2025-11-08T22:25:09","slug":"obrigado-brasil-noticias-r7","status":"publish","type":"post","link":"https:\/\/www.europesays.com\/pt\/144714\/","title":{"rendered":"\u2018Obrigado, Brasil\u2019 \u2013 Noticias R7"},"content":{"rendered":"<p>LEIA AQUI O RESUMO DA NOT\u00cdCIA<\/p>\n<ul class=\"b-article-body-custom-embed-brief-news__list\" style=\"margin: 0; padding-left: 20px; list-style-type: disc;\">\n<li>Pr\u00edncipe William se despediu do Brasil em um v\u00eddeo postado no Instagram.<\/li>\n<li>A visita ocorreu entre os dias 3 e 8 de outubro, incluindo momentos no Rio de Janeiro e em Bel\u00e9m.<\/li>\n<li>Ele participou da entrega do pr\u00eamio Earthshot e agendas da COP30.<\/li>\n<li>William se encontrou com o presidente Lula e o presidente Emmanuel Macron durante a viagem.<\/li>\n<\/ul>\n<p style=\"font-size: 0.8em; font-style: italic; text-align: right; margin-top: 15px; padding-bottom: 5px; margin-bottom: 0;\">Produzido pela Ri7a &#8211; a Intelig\u00eancia Artificial do R7<\/p>\n<p><img decoding=\"async\" data-chromatic=\"ignore\" alt=\"Pr&#xED;ncipe William chega ao Brasil no dia 3 de novembro\" class=\"c-image\" loading=\"lazy\" src=\"https:\/\/newr7-r7-prod.web.arc-cdn.net\/resizer\/v2\/B27W4GOTNRFYNF4RAELJW52444.jpg?auth=aa2a59e20e86cdb0bbf56908cea22d0c61c30c1df357d04f9c9aeb6000cad395&amp;width=800&amp;height=552\"  width=\"800\" height=\"552\"\/>Em sua visita ao Brasil, o Pr\u00edncipe William conheceu o Rio de Janeiro e Bel\u00e9m do Par\u00e1 Andrew Parsons \/Kensington Palace\/Arquivo <\/p>\n<p class=\"jarvics:base-text-neutral-high-400 base-text-[calc(theme(fontSize.xs)_*_var(--font-size,_1))] base-font-normal base-font-primary base-text-neutral-low-500 base-text-left\">O <a href=\"https:\/\/noticias.r7.com\/jr-24h\/boletim-jr-24h\/video\/principe-william-desembarca-no-rio-de-janeiro-para-receber-as-chaves-da-cidade-03112025\/\" target=\"_self\" rel=\"nofollow noopener\" title=\"https:\/\/noticias.r7.com\/jr-24h\/boletim-jr-24h\/video\/principe-william-desembarca-no-rio-de-janeiro-para-receber-as-chaves-da-cidade-03112025\/\"><b>Pr\u00edncipe William<\/b><\/a> se despediu do <b>Brasil<\/b> por meio de uma publica\u00e7\u00e3o em sua conta no <b>Instagram <\/b>na manh\u00e3 deste s\u00e1bado (8). Junto a um <b>v\u00eddeo<\/b> de seus momento no Rio de Janeiro e em <a href=\"https:\/\/noticias.r7.com\/brasilia\/entre-discussoes-do-clima-brasil-derrapa-na-preparacao-e-tem-obras-de-ultima-hora-em-belem-08112025\/\" target=\"_self\" rel=\"nofollow noopener\" title=\"https:\/\/noticias.r7.com\/brasilia\/entre-discussoes-do-clima-brasil-derrapa-na-preparacao-e-tem-obras-de-ultima-hora-em-belem-08112025\/\">Bel\u00e9m<\/a>, ele escreveu \u201cObrigado, Brasil\u201d. <\/p>\n<p class=\"jarvics:base-text-neutral-high-400 base-text-[calc(theme(fontSize.xs)_*_var(--font-size,_1))] base-font-normal base-font-primary base-text-neutral-low-500 base-text-left\">Em sua primeira visita ao pa\u00eds, o filho do rei Charles 3\u00ba participou da entrega do pr\u00eamio Earthshot e de agendas da COP30, encontrando com o presidente Lula e com o presidente Emmanuel Macron, da Fran\u00e7a, em Bel\u00e9m.<\/p>\n<p class=\"jarvics:base-text-neutral-high-400 base-text-[calc(theme(fontSize.xs)_*_var(--font-size,_1))] base-font-normal base-font-primary base-text-neutral-low-500 base-text-left\">Em Bel\u00e9m, ele pontuou a relev\u00e2ncia dos povos nativos brasileiros dentro da preserva\u00e7\u00e3o ambiental e destacou que teve encontros com <b>comunidades ind\u00edgenas<\/b> no Rio de Janeiro e a necessidade de uni\u00e3o global para enfrentar quest\u00f5es clim\u00e1ticas.<\/p>\n<p class=\"jarvics:base-text-neutral-high-400 base-text-[calc(theme(fontSize.xs)_*_var(--font-size,_1))] base-font-normal base-font-primary base-text-neutral-low-500 base-text-left\">\u201cVamos construir um futuro onde povos ind\u00edgenas tenham os seus direitos protegidos, as suas vozes sejam ouvidas, para que eles cuidem da sa\u00fade no planeta [&#8230;] Eles n\u00e3o s\u00e3o apenas participantes dessa luta, eles lideram essa luta, <b>\u00e9 importante a gente estar do lado deles<\/b>\u201d, afirmou o monarca.<\/p>\n<p><video controls=\"\" class=\"video-js\" preload=\"metadata\" poster=\"https:\/\/d22yf0mxeu0gma.cloudfront.net\/11-06-2025\/t_30047ac6bd20471cab0324c5e871291d_name_layout_record_news___2025_11_06T130250_035.jpg\" title=\"Pr&#xED;ncipe William discursa na abertura da c&#xFA;pula de l&#xED;deres em Bel&#xE9;m (PA)\" data-sprite-url=\"\" data-metadata=\"{&quot;title&quot;:&quot;Pr&#xED;ncipe William discursa na abertura da c&#xFA;pula de l&#xED;deres em Bel&#xE9;m (PA)&quot;,&quot;sectionName&quot;:&quot;R7&quot;,&quot;mainSection&quot;:&quot;Internacional&quot;,&quot;subSection&quot;:&quot;&quot;,&quot;views&quot;:&quot;&quot;,&quot;disableAdv&quot;:&quot;false&quot;,&quot;createdDate&quot;:&quot;2025-11-06T15:55:32Z&quot;,&quot;mainSectionUrl&quot;:&quot;https:\/\/noticias.r7.com\/record-news\/hora-news\/video\/principe-william-discursa-na-abertura-da-cupula-de-lideres-em-belem-pa-06112025\/&quot;,&quot;sectionPath&quot;:&quot;https:\/\/noticias.r7.com\/record-news\/hora-news&quot;,&quot;ageRating&quot;:&quot;&quot;,&quot;ageRatingDescription&quot;:&quot;&quot;,&quot;duration&quot;:224000,&quot;playerUrl&quot;:&quot;https:\/\/noticias.r7.com\/player\/c2a9de10-f7fa-491e-8b81-b78f70354971\/&quot;}\" data-player-params=\"{&quot;p&quot;:&quot;true&quot;,&quot;autoPlay&quot;:&quot;false&quot;,&quot;logo&quot;:&quot;true&quot;,&quot;playlistId&quot;:&quot;false&quot;,&quot;calhau&quot;:&quot;false&quot;,&quot;share&quot;:&quot;true&quot;,&quot;sz&quot;:&quot;false&quot;,&quot;full&quot;:&quot;true&quot;,&quot;customAdHash&quot;:&quot;\/7542\/r7noticias\/internacional&quot;,&quot;referrerUrl&quot;:&quot;&quot;,&quot;externalLinks&quot;:&quot;true&quot;,&quot;debug&quot;:&quot;false&quot;,&quot;debugHash&quot;:&quot;false&quot;,&quot;debugRelated&quot;:&quot;false&quot;,&quot;timerRelated&quot;:&quot;true&quot;,&quot;logoRecord&quot;:&quot;false&quot;,&quot;contextModal&quot;:&quot;false&quot;,&quot;parentUrl&quot;:&quot;https:\/\/record.r7.com\/&quot;,&quot;t&quot;:&quot;0&quot;,&quot;noTitle&quot;:false,&quot;endBehavior&quot;:&quot;default&quot;}\" data-related-videos=\"[{&quot;title&quot;:&quot;COP30: encontro de l&#xED;deres direciona tom das negocia&#xE7;&#xF5;es sobre transi&#xE7;&#xE3;o energ&#xE9;tica&quot;,&quot;thumb&quot;:&quot;https:\/\/d22yf0mxeu0gma.cloudfront.net\/11-07-2025\/t_daa6c85db1f24422b8eb91ff8d866f20_name_file_960x540_1600_v4_.jpg&quot;,&quot;url&quot;:&quot;https:\/\/noticias.r7.com\/record-news\/conexao-record-news\/video\/cop30-encontro-de-lideres-direciona-tom-das-negociacoes-sobre-transicao-energetica-07112025\/&quot;,&quot;embedUrl&quot;:&quot;https:\/\/noticias.r7.com\/player\/d9d70cd9-4756-4533-9dd2-d55b9f4dbdb1\/&quot;},{&quot;title&quot;:&quot;Entenda como Brasil pode aproveitar COP para realizar acordos bilaterais&quot;,&quot;thumb&quot;:&quot;https:\/\/d22yf0mxeu0gma.cloudfront.net\/11-07-2025\/t_8472416de7a44cb8a536f77937f2707e_name_aaaaaaaa__97_.png&quot;,&quot;url&quot;:&quot;https:\/\/noticias.r7.com\/record-news\/alerta-brasil\/video\/entenda-como-brasil-pode-aproveitar-cop-para-realizar-acordos-bilaterais-07112025\/&quot;,&quot;embedUrl&quot;:&quot;https:\/\/noticias.r7.com\/player\/71e7be61-cd9b-4b05-a94f-3b1b8699be8b\/&quot;},{&quot;title&quot;:&quot;Presidente Lula discursa em 2&#xBA; dia de evento pr&#xE9;-COP30&quot;,&quot;thumb&quot;:&quot;https:\/\/d22yf0mxeu0gma.cloudfront.net\/11-07-2025\/t_9b8e4fffa7ec44c0ab3591e769c4cb49_name_file_960x540_1600_v4_.jpg&quot;,&quot;url&quot;:&quot;https:\/\/noticias.r7.com\/record-news\/alerta-brasil\/video\/presidente-lula-discursa-em-2-dia-de-evento-pre-cop30-07112025\/&quot;,&quot;embedUrl&quot;:&quot;https:\/\/noticias.r7.com\/player\/3735270e-f00a-43c1-80ac-6403d6213f6e\/&quot;}]\" data-player-url=\"https:\/\/noticias.r7.com\/player\/c2a9de10-f7fa-491e-8b81-b78f70354971\/\" data-arc-video=\"\" data-arc-id=\"c2a9de10-f7fa-491e-8b81-b78f70354971\" data-short=\"false\" style=\"visibility:hidden\"><\/video><\/p>\n<p class=\"jarvics:base-text-neutral-high-400 base-text-[calc(theme(fontSize.xs)_*_var(--font-size,_1))] base-font-normal base-font-primary base-text-neutral-low-500 base-text-left\"><b>Fique por dentro das principais not\u00edcias do dia no Brasil e no mundo. <\/b><a href=\"https:\/\/whatsapp.com\/channel\/0029Va6eEELGZNCyryabmO1m\" rel=\"nofollow noopener\" target=\"_blank\"><b>Siga o canal do R7<\/b><\/a><b>, o portal de not\u00edcias da Record, no WhatsApp<\/b><\/p>\n","protected":false},"excerpt":{"rendered":"LEIA AQUI O RESUMO DA NOT\u00cdCIA Pr\u00edncipe William se despediu do Brasil em um v\u00eddeo postado no Instagram.&hellip;\n","protected":false},"author":2,"featured_media":144715,"comment_status":"","ping_status":"","sticky":false,"template":"","format":"standard","meta":{"footnotes":""},"categories":[145],"tags":[726,211,210,6391,114,115,32,8696,33,5279],"class_list":{"0":"post-144714","1":"post","2":"type-post","3":"status-publish","4":"format-standard","5":"has-post-thumbnail","7":"category-celebridades","8":"tag-brasil","9":"tag-celebridades","10":"tag-celebrities","11":"tag-cop30","12":"tag-entertainment","13":"tag-entretenimento","14":"tag-portugal","15":"tag-principe-william","16":"tag-pt","17":"tag-rio-de-janeiro-estado"},"share_on_mastodon":{"url":"https:\/\/pubeurope.com\/@pt\/115516429069741424","error":""},"_links":{"self":[{"href":"https:\/\/www.europesays.com\/pt\/wp-json\/wp\/v2\/posts\/144714","targetHints":{"allow":["GET"]}}],"collection":[{"href":"https:\/\/www.europesays.com\/pt\/wp-json\/wp\/v2\/posts"}],"about":[{"href":"https:\/\/www.europesays.com\/pt\/wp-json\/wp\/v2\/types\/post"}],"author":[{"embeddable":true,"href":"https:\/\/www.europesays.com\/pt\/wp-json\/wp\/v2\/users\/2"}],"replies":[{"embeddable":true,"href":"https:\/\/www.europesays.com\/pt\/wp-json\/wp\/v2\/comments?post=144714"}],"version-history":[{"count":0,"href":"https:\/\/www.europesays.com\/pt\/wp-json\/wp\/v2\/posts\/144714\/revisions"}],"wp:featuredmedia":[{"embeddable":true,"href":"https:\/\/www.europesays.com\/pt\/wp-json\/wp\/v2\/media\/144715"}],"wp:attachment":[{"href":"https:\/\/www.europesays.com\/pt\/wp-json\/wp\/v2\/media?parent=144714"}],"wp:term":[{"taxonomy":"category","embeddable":true,"href":"https:\/\/www.europesays.com\/pt\/wp-json\/wp\/v2\/categories?post=144714"},{"taxonomy":"post_tag","embeddable":true,"href":"https:\/\/www.europesays.com\/pt\/wp-json\/wp\/v2\/tags?post=144714"}],"curies":[{"name":"wp","href":"https:\/\/api.w.org\/{rel}","templated":true}]}}