{"id":144717,"date":"2025-11-08T22:31:07","date_gmt":"2025-11-08T22:31:07","guid":{"rendered":"https:\/\/www.europesays.com\/pt\/144717\/"},"modified":"2025-11-08T22:31:07","modified_gmt":"2025-11-08T22:31:07","slug":"socio-do-benfica-vota-em-rui-costa-mas-avisa-temos-familiares-a-chorar-pelo-benfica-maisfutebol","status":"publish","type":"post","link":"https:\/\/www.europesays.com\/pt\/144717\/","title":{"rendered":"S\u00f3cio do Benfica vota em Rui Costa, mas avisa: \u00abTemos familiares a chorar pelo Benfica\u00bb &#8211; Maisfutebol"},"content":{"rendered":"<ol>\n<li><a href=\"https:\/\/news.google.com\/rss\/articles\/CBMi2gFBVV95cUxPVGp1ai1Lcm9OM0UtM3IxYWVleHZERGRScTlZdVEzTVdvTVRyS3ZzTjZ4T0l0Q3ZvY20zeVNhQ1ljbzRQSmRQSkdTQVFtNVgycDFULW0zcjFndHpfT3labkNPemdfVFJWdFljNjctTEFHM1l0SFZKSGlyQmZHdXRsTnJxSWwxelJNUzRTeURVWDFsajljM1BHZUEwUW1jVnpRWVJXejg0WnpzekktM2hVSk5QVUM4b3VSUHE3SENWb1FwVWFQclJJUnRQVVFxbmlDZzNqOFU4Q2o5UQ?oc=5\" target=\"_blank\" rel=\"nofollow noopener\">S\u00f3cio do Benfica vota em Rui Costa, mas avisa: \u00abTemos familiares a chorar pelo Benfica\u00bb<\/a>&nbsp;&nbsp;Maisfutebol<\/li>\n<li><a href=\"https:\/\/news.google.com\/rss\/articles\/CBMihAFBVV95cUxQeVN1SlVWWGZOTDJWNlY4ZWt4bTk5am5IZUN1VUxUVE1rR3ZXb2ZaaEh4dk81ekE5R1VkN2k5NUhWS24xWTM0UVRRRmFwQWJjQlhmUURkbl9PcDRzMGhWak9weDNZMXdmY3ItUm9zMkZMa1JtSlhmMHRveFJyWlN2UUtOcVk?oc=5\" target=\"_blank\" rel=\"nofollow noopener\">Dam\u00e1sio revela em quem votou<\/a>&nbsp;&nbsp;A Bola<\/li>\n<li><a href=\"https:\/\/news.google.com\/rss\/articles\/CBMiqwFBVV95cUxOSjhnWThOcVRpRHNNMllLVnIxT3p6UU1HZEZhakJUTnNiRU5RMVg4ZlJLRU9ONk8tZ1ZEbHlvUEpOMndvMm9odmRuUFUzbzc3NWpHOFBJVWFONHp4Nmc0cTZmRlBxaDNEUnZJQW5KVGxhQUtqOVVuS1JHMnNzSW4zVWktT3RYY2dtVWp5MDdTa1pTMFl5UWZCdWNqaDFPcHZIVjNvNFRXbDI2VTA?oc=5\" target=\"_blank\" rel=\"nofollow noopener\">Vieira recusa revelar prefer\u00eancia para presidente e pede uni\u00e3o<\/a>&nbsp;&nbsp;RTP<\/li>\n<li><a href=\"https:\/\/news.google.com\/rss\/articles\/CBMiuwFBVV95cUxPQkZ1eTkxUW9COTJ3TWpsY21jVWVPOFhmeENEVjRHZXlGREdyS3licF9rYzRadmRXRXdvclp4aWxpUkN2UUJ5d3lyNTU1VWxYZmE4TnRacHExWHc5QlA2WlJuUjBCQTl5MXlwX01kM3pEcEszd2w4X2NKZzhlckp6QkF3V1RLeG92akdTWHZkc29WT0hpQTdaU0FNWHRUMzJ2NnhMMk1VdWhXOHJsQmdsSTdIb2tHQjNOaVQ0?oc=5\" target=\"_blank\" rel=\"nofollow noopener\">Hist\u00f3ricos do Benfica revelam em quem votaram nestas elei\u00e7\u00f5es<\/a>&nbsp;&nbsp;SIC Not\u00edcias<\/li>\n<li><a href=\"https:\/\/news.google.com\/rss\/articles\/CBMixAFBVV95cUxPM1ZMa293WlV5b183c1Q3WXdhQnpLLUZTNmFfSVFVa1JTRFRiM3ppQlh5UVJnaklqYXVEcm5tUFptSU5oUDEwZ29zWjdPYUlCeE5lSTNSekdKUGVNMm1OQ3BTUmpsLXJkQnEtWUJCMnRQbWVEbl9yWjVjdy03Yk0xNmtoQmJSbGRHT21qV1ExOGJZcTk3b0lDVTlPRDRoQzc1WmtWS1c1UllhdnJ4NVo3cGlDWDloVWhCVF9pcWVPSkZNZHd1?oc=5\" target=\"_blank\" rel=\"nofollow noopener\">Figuras conhecidas do clube marcaram presen\u00e7a na segunda volta das elei\u00e7\u00f5es do Benfica<\/a>&nbsp;&nbsp;Now Canal<\/li>\n<\/ol>\n","protected":false},"excerpt":{"rendered":"S\u00f3cio do Benfica vota em Rui Costa, mas avisa: \u00abTemos familiares a chorar pelo Benfica\u00bb&nbsp;&nbsp;Maisfutebol Dam\u00e1sio revela em&hellip;\n","protected":false},"author":2,"featured_media":144718,"comment_status":"","ping_status":"","sticky":false,"template":"","format":"standard","meta":{"footnotes":""},"categories":[87],"tags":[31801,51,135,11568,524,46,32,33,47,134],"class_list":{"0":"post-144717","1":"post","2":"type-post","3":"status-publish","4":"format-standard","5":"has-post-thumbnail","7":"category-desporto","8":"tag-adepto-benfica","9":"tag-benfica","10":"tag-desporto","11":"tag-eleicoes-benfica","12":"tag-futebol","13":"tag-maisfutebol","14":"tag-portugal","15":"tag-pt","16":"tag-pura-paixao","17":"tag-sports"},"share_on_mastodon":{"url":"https:\/\/pubeurope.com\/@pt\/115516452648687171","error":""},"_links":{"self":[{"href":"https:\/\/www.europesays.com\/pt\/wp-json\/wp\/v2\/posts\/144717","targetHints":{"allow":["GET"]}}],"collection":[{"href":"https:\/\/www.europesays.com\/pt\/wp-json\/wp\/v2\/posts"}],"about":[{"href":"https:\/\/www.europesays.com\/pt\/wp-json\/wp\/v2\/types\/post"}],"author":[{"embeddable":true,"href":"https:\/\/www.europesays.com\/pt\/wp-json\/wp\/v2\/users\/2"}],"replies":[{"embeddable":true,"href":"https:\/\/www.europesays.com\/pt\/wp-json\/wp\/v2\/comments?post=144717"}],"version-history":[{"count":0,"href":"https:\/\/www.europesays.com\/pt\/wp-json\/wp\/v2\/posts\/144717\/revisions"}],"wp:featuredmedia":[{"embeddable":true,"href":"https:\/\/www.europesays.com\/pt\/wp-json\/wp\/v2\/media\/144718"}],"wp:attachment":[{"href":"https:\/\/www.europesays.com\/pt\/wp-json\/wp\/v2\/media?parent=144717"}],"wp:term":[{"taxonomy":"category","embeddable":true,"href":"https:\/\/www.europesays.com\/pt\/wp-json\/wp\/v2\/categories?post=144717"},{"taxonomy":"post_tag","embeddable":true,"href":"https:\/\/www.europesays.com\/pt\/wp-json\/wp\/v2\/tags?post=144717"}],"curies":[{"name":"wp","href":"https:\/\/api.w.org\/{rel}","templated":true}]}}