{"id":144721,"date":"2025-11-08T22:33:21","date_gmt":"2025-11-08T22:33:21","guid":{"rendered":"https:\/\/www.europesays.com\/pt\/144721\/"},"modified":"2025-11-08T22:33:21","modified_gmt":"2025-11-08T22:33:21","slug":"mergulha-numa-experiencia-sensorial-por-tempo-limitado","status":"publish","type":"post","link":"https:\/\/www.europesays.com\/pt\/144721\/","title":{"rendered":"mergulha numa experi\u00eancia sensorial (por tempo limitado)"},"content":{"rendered":"<p>\t\t\t\t\t\t\t\t\t\t\t\t\t\t\t\t\t\t\t\t\t\t<img loading=\"lazy\" decoding=\"async\" src=\"https:\/\/www.europesays.com\/pt\/wp-content\/uploads\/2025\/11\/prada-pop-up-lisboa-1024x684.jpg\" class=\"img-fluid\" alt=\"Chega uma pop-up exclusiva Prada a Lisboa para promover o Paradigme\" width=\"1024\" height=\"684\"\/><br \/>\n\t\t\t\t\t\t\t\t\t\t\t\t\t\t\t\t\t\t\t\t\t\tFotos: DR \/ Divulga\u00e7\u00e3o<\/p>\n<p>    Save<\/p>\n<p>Dizem que o Diabo veste <b>Prada.<\/b> Mas, poder\u00e1 tamb\u00e9m cheirar \u00e0s requintadas fragr\u00e2ncias? A resposta \u00e9 um contundente sim, especialmente com a chegada a Lisboa de uma<b> pop-up exclusiva <\/b>da marca italiana. E o protagonista \u00e9 s\u00f3 um: o rec\u00e9m-lan\u00e7ado <a href=\"https:\/\/www.perfumesecompanhia.pt\/pt\/prada-paradigme-eau-de-parfum\/425398.html?srsltid%3DAfmBOoqP8Uyq784vdABT9RTZyX41-KsBFwg-5RiGGWdn9fgfafu7UKat&amp;sa=D&amp;source=docs&amp;ust=1762345215349448&amp;usg=AOvVaw0x_1b6qmi34Gpo14X5lclH\" rel=\"sponsored nofollow noopener\" target=\"_blank\" class=\"shortcode-outbound-link\" data-has-ga=\"true\" data-ga-type=\"click\" data-label=\"https:\/\/www.perfumesecompanhia.pt\/pt\/prada-paradigme-eau-de-parfum\/425398.html?srsltidAfmBOoqP8Uyq784vdABT9RTZyX41-KsBFwg-5RiGGWdn9fgfafu7UKat&amp;sa=D&amp;source=docs&amp;ust=1762345215349448&amp;usg=AOvVaw0x_1b6qmi34Gpo14X5lclH\" data-action=\"text_cta_0\" data-category=\"click_non_sales\"><strong>perfume Paradigme,<\/strong><\/a>\u00a0do qual o c\u00e9lebre <b>ator Tom Holland \u00e9 o embaixador oficial.\u00a0<\/b><\/p>\n<p>Durante seis dias, <b>entre 5 e 10 de novembro, a Pra\u00e7a Central do Colombo <\/b>promete transformar-se num verdadeiro <b>para\u00edso olfativo,<\/b> convidando todos os visitantes a conhecer o Paradigme, lan\u00e7ado no ver\u00e3o. Com um <b>legado que remonta a 1913, <\/b>Prada alia o melhor dos dois mundos \u2013 <b>tradi\u00e7\u00e3o e vanguarda,<\/b> numa ativa\u00e7\u00e3o de luxo que promete surpreender todos os sentidos.\u00a0<\/p>\n<p><img fetchpriority=\"high\" decoding=\"async\" class=\"wp-image-102976 size-large\" src=\"https:\/\/www.europesays.com\/pt\/wp-content\/uploads\/2025\/11\/prada-paradigme-colombo-1024x684.jpg\" alt=\"Chega uma pop-up exclusiva Prada a Lisboa para promover o Paradigme\" width=\"1024\" height=\"684\"  \/>Fotos: DR \/ Divulga\u00e7\u00e3o<br \/>\n<b>O que vais encontrar na pop-up de Prada?<\/b><\/p>\n<p><b>Paradigme<\/b> destaca-se como uma <b>fragr\u00e2ncia ambarada e amadeirada, <\/b>propondo um novo olhar sobre a masculinidade contempor\u00e2nea, em linha com o <b>esp\u00edrito criativo e cosmopolita de Lisboa.<\/b> Portanto, n\u00e3o \u00e9 de estranhar que a capital portuguesa tenha sido escolhida como cen\u00e1rio para esta <b>ativa\u00e7\u00e3o exclusiva (e ef\u00e9mera) de Prada.<\/b><\/p>\n<p><img loading=\"lazy\" decoding=\"async\" class=\"wp-image-102977 size-large\" src=\"https:\/\/www.europesays.com\/pt\/wp-content\/uploads\/2025\/11\/prada-paradigme-colombo-foto-1024x684.jpg\" alt=\"Chega uma pop-up exclusiva Prada a Lisboa para promover o Paradigme\" width=\"1024\" height=\"684\"  \/>Fotos: DR \/ Divulga\u00e7\u00e3o<\/p>\n<p>Contudo, na Pra\u00e7a Central do Colombo \u00e9 poss\u00edvel encontrar muito mais do que um<b> perfume de luxo.<\/b> Por l\u00e1, domina uma experi\u00eancia sensorial e completa, onde o visitante \u00e9 convidado n\u00e3o s\u00f3 a<b> testar <a href=\"https:\/\/www.perfumesecompanhia.pt\/pt\/prada-paradigme-eau-de-parfum\/425398.html?srsltid%3DAfmBOoqP8Uyq784vdABT9RTZyX41-KsBFwg-5RiGGWdn9fgfafu7UKat&amp;sa=D&amp;source=docs&amp;ust=1762345215349448&amp;usg=AOvVaw0x_1b6qmi34Gpo14X5lclH\" rel=\"sponsored nofollow noopener\" target=\"_blank\" class=\"shortcode-outbound-link\" data-has-ga=\"true\" data-ga-type=\"click\" data-label=\"https:\/\/www.perfumesecompanhia.pt\/pt\/prada-paradigme-eau-de-parfum\/425398.html?srsltidAfmBOoqP8Uyq784vdABT9RTZyX41-KsBFwg-5RiGGWdn9fgfafu7UKat&amp;sa=D&amp;source=docs&amp;ust=1762345215349448&amp;usg=AOvVaw0x_1b6qmi34Gpo14X5lclH\" data-action=\"text_cta_2\" data-category=\"click_non_sales\">Paradigme,<\/a> <\/b>mas a viajar atrav\u00e9s de cada um dos seus <b>apontamentos olfativos. <\/b>Como? A jornada come\u00e7a com uma ida \u00e0 pop-up\u2026 e depois \u00e9 s\u00f3 desfrutar.<\/p>\n<p>A par das <b>provas e amostras gr\u00e1tis<\/b> que se pode levar para casa, a pop-up \u00e9 reflexo da ess\u00eancia da marca, numa proposta que convida os visitantes a explorar o <b>paradigma \u201cE se existir uma outra forma?\u201d<\/b> Com uma <b>sopa de letras interativa, fotografias impressas e ofertas, <\/b>h\u00e1 ainda espa\u00e7o para a <b>personaliza\u00e7\u00e3o das embalagens<\/b> (caso compres o perfume).\u00a0<\/p>\n<p><b>Morada:<\/b> Pra\u00e7a Central Colombo, Centro Comercial Colombo (Lisboa)<\/p>\n<p><b>Hor\u00e1rio:<\/b> 5 at\u00e9 10 de novembro, das 10h \u00e0s 0h\u00a0<\/p>\n","protected":false},"excerpt":{"rendered":"Fotos: DR \/ Divulga\u00e7\u00e3o Save Dizem que o Diabo veste Prada. Mas, poder\u00e1 tamb\u00e9m cheirar \u00e0s requintadas fragr\u00e2ncias?&hellip;\n","protected":false},"author":2,"featured_media":144722,"comment_status":"","ping_status":"","sticky":false,"template":"","format":"standard","meta":{"footnotes":""},"categories":[85],"tags":[3969,114,115,32,33],"class_list":{"0":"post-144721","1":"post","2":"type-post","3":"status-publish","4":"format-standard","5":"has-post-thumbnail","7":"category-entretenimento","8":"tag-compras","9":"tag-entertainment","10":"tag-entretenimento","11":"tag-portugal","12":"tag-pt"},"share_on_mastodon":{"url":"https:\/\/pubeurope.com\/@pt\/115516460563875517","error":""},"_links":{"self":[{"href":"https:\/\/www.europesays.com\/pt\/wp-json\/wp\/v2\/posts\/144721","targetHints":{"allow":["GET"]}}],"collection":[{"href":"https:\/\/www.europesays.com\/pt\/wp-json\/wp\/v2\/posts"}],"about":[{"href":"https:\/\/www.europesays.com\/pt\/wp-json\/wp\/v2\/types\/post"}],"author":[{"embeddable":true,"href":"https:\/\/www.europesays.com\/pt\/wp-json\/wp\/v2\/users\/2"}],"replies":[{"embeddable":true,"href":"https:\/\/www.europesays.com\/pt\/wp-json\/wp\/v2\/comments?post=144721"}],"version-history":[{"count":0,"href":"https:\/\/www.europesays.com\/pt\/wp-json\/wp\/v2\/posts\/144721\/revisions"}],"wp:featuredmedia":[{"embeddable":true,"href":"https:\/\/www.europesays.com\/pt\/wp-json\/wp\/v2\/media\/144722"}],"wp:attachment":[{"href":"https:\/\/www.europesays.com\/pt\/wp-json\/wp\/v2\/media?parent=144721"}],"wp:term":[{"taxonomy":"category","embeddable":true,"href":"https:\/\/www.europesays.com\/pt\/wp-json\/wp\/v2\/categories?post=144721"},{"taxonomy":"post_tag","embeddable":true,"href":"https:\/\/www.europesays.com\/pt\/wp-json\/wp\/v2\/tags?post=144721"}],"curies":[{"name":"wp","href":"https:\/\/api.w.org\/{rel}","templated":true}]}}