{"id":144731,"date":"2025-11-08T22:49:21","date_gmt":"2025-11-08T22:49:21","guid":{"rendered":"https:\/\/www.europesays.com\/pt\/144731\/"},"modified":"2025-11-08T22:49:21","modified_gmt":"2025-11-08T22:49:21","slug":"ja-se-conhece-o-sucessor-de-vitor-pereira-no-wolverhampton","status":"publish","type":"post","link":"https:\/\/www.europesays.com\/pt\/144731\/","title":{"rendered":"J\u00e1 se conhece o sucessor de V\u00edtor Pereira no Wolverhampton"},"content":{"rendered":"<p>&#8211; Advertisement &#8211;<\/p>\n<p><strong>Rob Edwards vai ser o novo treinador do Wolverhampton. O t\u00e9cnico gal\u00eas volta \u00e0 Premier League um ano depois, para suceder a V\u00edtor Pereira.<\/strong><\/p>\n<p>Rob Edwards vai ser o novo treinador do Wolverhampton e suceder a V\u00edtor Pereira no cargo de treinador principal. Segundo Fabrizio Romano, o gal\u00eas j\u00e1 chegou a acordo com os lobos e vai deixar o <a href=\"https:\/\/bolanarede.pt\/etiqueta\/middlesbrough\/\" target=\"_blank\" rel=\"noreferrer noopener nofollow\">Middlesbrough<\/a> para assumir o cargo.<\/p>\n<p>O novo t\u00e9cnico do Wolverhampton levou o Forest Green Rovers ao t\u00edtulo da quarta divis\u00e3o inglesa em 2022. Ap\u00f3s uma breve passagem pelo Watford, guiou o Luton Town \u00e0 Premier League atrav\u00e9s dos playoffs em 2023. O Middlesbrough comunicou esta manh\u00e3 as negocia\u00e7\u00f5es com o emblema da <a href=\"https:\/\/bolanarede.pt\/etiqueta\/premier-league\/\" target=\"_blank\" rel=\"noreferrer noopener nofollow\">Premier League<\/a>:<\/p>\n<p>\u00abO Middlesbrough Football Club, sujeito \u00e0 conclus\u00e3o de um acordo com o Wolverhampton Wanderers FC, deu permiss\u00e3o ao treinador Rob Edwards para conversar com representantes do Wolves. Inicialmente, rejeitamos uma proposta do Wolves com base no fato de Rob (Edwards) ter assinado um contrato de tr\u00eas anos com o Middlesbrough h\u00e1 menos de seis meses\u00bb, escreveu o clube em comunicado.<\/p>\n<p>\u00abAp\u00f3s conversas com Rob (Edwards), fic\u00e1mos desapontados ao saber que ele queria falar com o Wolves sobre a vaga de treinador principal. J\u00e1 chegamos a um acordo com o Wolves, sujeito \u00e0 conclus\u00e3o da documenta\u00e7\u00e3o necess\u00e1ria\u00bb, conclu\u00edram.<\/p>\n<blockquote class=\"twitter-tweet\" data-width=\"550\" data-dnt=\"true\">\n<p lang=\"en\" dir=\"ltr\">\ud83d\udea8\ud83d\udc3a Wolves have agreed deal to appoint Rob Edwards as their new head coach after Vitor Pereira got sacked.<\/p>\n<p>Edwards will leave Boro and sign for <a href=\"https:\/\/twitter.com\/hashtag\/WWFC?src=hash&amp;ref_src=twsrc%5Etfw\" rel=\"nofollow noopener\" target=\"_blank\">#WWFC<\/a>. <a href=\"https:\/\/t.co\/0jakNwcYoH\" rel=\"nofollow\">pic.twitter.com\/0jakNwcYoH<\/a><\/p>\n<p>\u2014 Fabrizio Romano (@FabrizioRomano) <a href=\"https:\/\/twitter.com\/FabrizioRomano\/status\/1987147775872803295?ref_src=twsrc%5Etfw\" rel=\"nofollow noopener\" target=\"_blank\">November 8, 2025<\/a><\/p><\/blockquote>\n<p><script async src=\"https:\/\/platform.twitter.com\/widgets.js\" charset=\"utf-8\"><\/script><\/p>\n","protected":false},"excerpt":{"rendered":"&#8211; Advertisement &#8211; Rob Edwards vai ser o novo treinador do Wolverhampton. O t\u00e9cnico gal\u00eas volta \u00e0 Premier&hellip;\n","protected":false},"author":2,"featured_media":144732,"comment_status":"","ping_status":"","sticky":false,"template":"","format":"standard","meta":{"footnotes":"","_share_on_mastodon":"0"},"categories":[87],"tags":[260,135,32,666,33,31802,134,4157],"class_list":["post-144731","post","type-post","status-publish","format-standard","has-post-thumbnail","category-desporto","tag-atualidade","tag-desporto","tag-portugal","tag-premier-league","tag-pt","tag-rob-edwards","tag-sports","tag-wolverhampton"],"share_on_mastodon":{"url":"https:\/\/pubeurope.com\/@pt\/115516523527133455","error":""},"_links":{"self":[{"href":"https:\/\/www.europesays.com\/pt\/wp-json\/wp\/v2\/posts\/144731","targetHints":{"allow":["GET"]}}],"collection":[{"href":"https:\/\/www.europesays.com\/pt\/wp-json\/wp\/v2\/posts"}],"about":[{"href":"https:\/\/www.europesays.com\/pt\/wp-json\/wp\/v2\/types\/post"}],"author":[{"embeddable":true,"href":"https:\/\/www.europesays.com\/pt\/wp-json\/wp\/v2\/users\/2"}],"replies":[{"embeddable":true,"href":"https:\/\/www.europesays.com\/pt\/wp-json\/wp\/v2\/comments?post=144731"}],"version-history":[{"count":0,"href":"https:\/\/www.europesays.com\/pt\/wp-json\/wp\/v2\/posts\/144731\/revisions"}],"wp:featuredmedia":[{"embeddable":true,"href":"https:\/\/www.europesays.com\/pt\/wp-json\/wp\/v2\/media\/144732"}],"wp:attachment":[{"href":"https:\/\/www.europesays.com\/pt\/wp-json\/wp\/v2\/media?parent=144731"}],"wp:term":[{"taxonomy":"category","embeddable":true,"href":"https:\/\/www.europesays.com\/pt\/wp-json\/wp\/v2\/categories?post=144731"},{"taxonomy":"post_tag","embeddable":true,"href":"https:\/\/www.europesays.com\/pt\/wp-json\/wp\/v2\/tags?post=144731"}],"curies":[{"name":"wp","href":"https:\/\/api.w.org\/{rel}","templated":true}]}}