{"id":144743,"date":"2025-11-08T23:03:14","date_gmt":"2025-11-08T23:03:14","guid":{"rendered":"https:\/\/www.europesays.com\/pt\/144743\/"},"modified":"2025-11-08T23:03:14","modified_gmt":"2025-11-08T23:03:14","slug":"al-ittihad-x-al-ahli-maisfutebol","status":"publish","type":"post","link":"https:\/\/www.europesays.com\/pt\/144743\/","title":{"rendered":"Al Ittihad X Al Ahli &#8211; Maisfutebol"},"content":{"rendered":"<ol>\n<li><a href=\"https:\/\/news.google.com\/rss\/articles\/CBMiXkFVX3lxTE5WeVl4c3ZuR1h6MFRaX1k3b3ZxZmdOekxGS19zTmhUUURGYmFkdUhUc1p2RUpMclBNQWJNMVBtSnB6a0lsUlVMdXZDMHBkWW1FOEJ1YW5fWjVibXVBUXc?oc=5\" target=\"_blank\" rel=\"nofollow noopener\">Al Ittihad X Al Ahli<\/a>&nbsp;&nbsp;Maisfutebol<\/li>\n<li><a href=\"https:\/\/news.google.com\/rss\/articles\/CBMi4AFBVV95cUxQYTFrc0NtSjlsMGZaNzBhcERieUNHTVNHQXltMnZEYV9IcWRzb0h2N0JSUnUzaXJMOHBCazJCSXo4cjljYlNSVXZfTEpsX0VFZWdDcVM1V0k5MndGaDVLXzYwRHZJX24zQ09mNTNEbHRuYWZTWmFWMjlrSmVjb0xrdGJxUmdRUmEzd1dVbkp0LWJkQkp5QWl0aDJ0SEI0ZDd6RTJEWnl6aXNRWlJ6OExXRWFXeUJFbENvY25PLV9fbDJyTkllVEJaMF9KcHNuODIwcUJHNGE2T3Zra1J4Z1dLVw?oc=5\" target=\"_blank\" rel=\"nofollow noopener\">Melhores momentos: Al Ittihad 0 x 1 Al Ahli (Saudi Pro League)<\/a>&nbsp;&nbsp;GZH<\/li>\n<li><a href=\"https:\/\/news.google.com\/rss\/articles\/CBMigwFBVV95cUxPQzNFOWZwaE5Sb19oZk41YnBqSTlINTNTdDZzSWRkTE5mMy1IYnFYRWptU3kxdUl4RmxYbWp0TmNpczZnQXRabzFUbGkyOVBneTcyNThaRGM3Y21HckxBQUVrSTBoNWFkU0JyU0kwMERSREdYbXo3R0g3LTJpSEs0M1g1MA?oc=5\" target=\"_blank\" rel=\"nofollow noopener\">Al Ittihad x Al Ahli Palpites: Onde Assistir ao Jogo, Hor\u00e1rio e Escala\u00e7\u00f5es 08\/11<\/a>&nbsp;&nbsp;Fog\u00e3oNET<\/li>\n<li><a href=\"https:\/\/news.google.com\/rss\/articles\/CBMipgFBVV95cUxQUklqR0tuQndEVE5ONk5zUXBxLWRlREJPYzUtYmNDQkVCd19VOXNHblgzbDhoblpWdjFsX2JfV2xwNzl4U1Q0alRUSHFVR3luUVdJRkVyaV9PRmpHZy1CUG02UWdJT2xUOE9sV2NJX3B4bElmcFl2d3ljSl9QaEZvT3V2Mjl2b3ZyR3RsMWZGYTdCYjljNkt0S0lXZmRpeUwtOXNoZ1pn?oc=5\" target=\"_blank\" rel=\"nofollow noopener\">S\u00e9rgio Concei\u00e7\u00e3o em queda livre no campeonato saudita<\/a>&nbsp;&nbsp;A Bola<\/li>\n<li><a href=\"https:\/\/news.google.com\/rss\/articles\/CBMi0AFBVV95cUxQQzBsSTNlRHVmTTFqZUc3RHQ3SlVGVFhmYnFxSzgxZlJmVUtCTTZBRXJVZzhzbkJhWHViQTZoNUNUcjhIUnMyWjF1RFM1UHd0YTVTSktPQVJBUzdTZ2VQcmg2djM4bnM1eTRGU1NlSHFRWmJ5XzBEdTdzZXpnal91blJSMTVqVFh2N0VmXy11TGdkM1NQbEdFWVplcnJXN0pZcnRkSUc3eHBGN3FZaXo4VndRS2NrZ0FhNFhvVlhKd0tWaGNlb1BZTWEwVmVEdTk20gHQAUFVX3lxTFBDMGxJM2VEdWZNMWplRzdEdDdKVUZUWGZicXFLODFmUmZVS0JNNkFFclVnOHNuQmFYdWJBNmg1Q1RyOEhSczJaMXVEUzVQd3RhNVNKS09BUkFTN1NnZVByaDZ2MzhuczV5NEZTU2VIcVFaYnlfMER1N3NlemdqX3VuUlIxNWpUWHY3RWZfLXVMZ2QzU1BsR0VZWmVyclc3SllydGRJRzd4cEY3cVlpejhWd1FLY2tnQWE0WG9WWEp3S1ZoY2VvUFlNYTBWZUR1OTY?oc=5\" target=\"_blank\" rel=\"nofollow noopener\">Matheus Gon\u00e7alves joga hoje? Onde assistir Al-Ahli x Al-Ittihad ao vivo pela Saudi Pro League<\/a>&nbsp;&nbsp;Mix Vale<\/li>\n<\/ol>\n","protected":false},"excerpt":{"rendered":"Al Ittihad X Al Ahli&nbsp;&nbsp;Maisfutebol Melhores momentos: Al Ittihad 0 x 1 Al Ahli (Saudi Pro League)&nbsp;&nbsp;GZH Al&hellip;\n","protected":false},"author":2,"featured_media":23772,"comment_status":"","ping_status":"","sticky":false,"template":"","format":"standard","meta":{"footnotes":""},"categories":[87],"tags":[5815,2120,135,32,33,47,28769,28770,134],"class_list":{"0":"post-144743","1":"post","2":"type-post","3":"status-publish","4":"format-standard","5":"has-post-thumbnail","7":"category-desporto","8":"tag-al-ahli","9":"tag-al-ittihad","10":"tag-desporto","11":"tag-portugal","12":"tag-pt","13":"tag-pura-paixao","14":"tag-saudi-league","15":"tag-saudi-league-2025-2026","16":"tag-sports"},"share_on_mastodon":{"url":"https:\/\/pubeurope.com\/@pt\/115516578483923904","error":""},"_links":{"self":[{"href":"https:\/\/www.europesays.com\/pt\/wp-json\/wp\/v2\/posts\/144743","targetHints":{"allow":["GET"]}}],"collection":[{"href":"https:\/\/www.europesays.com\/pt\/wp-json\/wp\/v2\/posts"}],"about":[{"href":"https:\/\/www.europesays.com\/pt\/wp-json\/wp\/v2\/types\/post"}],"author":[{"embeddable":true,"href":"https:\/\/www.europesays.com\/pt\/wp-json\/wp\/v2\/users\/2"}],"replies":[{"embeddable":true,"href":"https:\/\/www.europesays.com\/pt\/wp-json\/wp\/v2\/comments?post=144743"}],"version-history":[{"count":0,"href":"https:\/\/www.europesays.com\/pt\/wp-json\/wp\/v2\/posts\/144743\/revisions"}],"wp:featuredmedia":[{"embeddable":true,"href":"https:\/\/www.europesays.com\/pt\/wp-json\/wp\/v2\/media\/23772"}],"wp:attachment":[{"href":"https:\/\/www.europesays.com\/pt\/wp-json\/wp\/v2\/media?parent=144743"}],"wp:term":[{"taxonomy":"category","embeddable":true,"href":"https:\/\/www.europesays.com\/pt\/wp-json\/wp\/v2\/categories?post=144743"},{"taxonomy":"post_tag","embeddable":true,"href":"https:\/\/www.europesays.com\/pt\/wp-json\/wp\/v2\/tags?post=144743"}],"curies":[{"name":"wp","href":"https:\/\/api.w.org\/{rel}","templated":true}]}}