{"id":144782,"date":"2025-11-08T23:44:11","date_gmt":"2025-11-08T23:44:11","guid":{"rendered":"https:\/\/www.europesays.com\/pt\/144782\/"},"modified":"2025-11-08T23:44:11","modified_gmt":"2025-11-08T23:44:11","slug":"video-felipeh-campos-gera-desconforto-no-teleton-ao-interromper-ronnie-von-ao-vivo-celebridades","status":"publish","type":"post","link":"https:\/\/www.europesays.com\/pt\/144782\/","title":{"rendered":"V\u00eddeo! Felipeh Campos gera desconforto no &#8216;Teleton&#8217; ao interromper Ronnie Von ao vivo | Celebridades"},"content":{"rendered":"<p>                                        Felipeh Campos voltou ao SBT para participar do Teleton 2025 &#8211; Reprodu\u00e7\u00e3o \/ Instagram<\/p>\n<p class=\"content-media__description\">Felipeh Campos voltou ao SBT para participar do Teleton 2025Reprodu\u00e7\u00e3o \/ Instagram<\/p>\n<p>                            Publicado 08\/11\/2025 14:16\n                    <\/p>\n<p>Rio &#8211; Felipeh Campos voltou ao SBT para participar do &#8220;Teleton 2025&#8221;, tradicional campanha beneficente em prol da AACD (Associa\u00e7\u00e3o de Assist\u00eancia \u00e0 Crian\u00e7a com Defici\u00eancia). O apresentador, que atualmente comanda o \u201cMelhor da Noite\u201d, na Band, havia deixado a emissora em julho, ap\u00f3s uma discuss\u00e3o durante o programa \u201cAl\u00f4 Voc\u00ea\u201d.<\/p>\n<p>Durante a transmiss\u00e3o deste s\u00e1bado, o jornalista Felipeh Campos protagonizou um momento de tens\u00e3o ao interromper o apresentador Ronnie Von durante sua fala ao vivo. \u201cSou eu que tenho que falar isso\u201d, reagiu Ronnie em um tom s\u00e9rio. Em seguida, o jornalista se desculpou, e o epis\u00f3dio deixou o ambiente em um clima desconfort\u00e1vel.<\/p>\n<p>Internautas reagiram ao epis\u00f3dio nas redes sociais e criticaram a postura do apresentador. \u201cFelipeh Campos adora falar mal dos outros, mas n\u00e3o percebe o quanto \u00e9 rid\u00edculo no ar\u201d, escreveu um usu\u00e1rio no X, antigo Twitter. \u201cN\u00e3o sei por que insistem em colocar o Felipeh Campos, cara podre\u201d, comentou outro. \u201cN\u00e3o tinha algu\u00e9m mais elegante para apresentar com o Ronnie Von? Que coisa horr\u00edvel\u201d, escreveu um internauta no Instagram<\/p>\n<p>Felipeh deixou o SBT em julho, ap\u00f3s protagonizar uma discuss\u00e3o ao vivo com a delegada Raquel Gallinati, durante o programa &#8220;Al\u00f4 Voc\u00ea&#8221;, apresentado pelo jornalista Luiz Bacci.<\/p>\n<p>O &#8220;Teleton&#8221; \u00e9 uma maratona televisiva beneficente realizada anualmente pelo SBT em parceria com a AACD. O evento re\u00fane artistas, influenciadores e doadores em uma programa\u00e7\u00e3o especial para arrecadar fundos destinados ao tratamento e reabilita\u00e7\u00e3o de pessoas com defici\u00eancia f\u00edsica. Desde 1998, a campanha se tornou uma das maiores a\u00e7\u00f5es solid\u00e1rias da TV brasileira.<\/p>\n","protected":false},"excerpt":{"rendered":"Felipeh Campos voltou ao SBT para participar do Teleton 2025 &#8211; Reprodu\u00e7\u00e3o \/ Instagram Felipeh Campos voltou ao&hellip;\n","protected":false},"author":2,"featured_media":144783,"comment_status":"","ping_status":"","sticky":false,"template":"","format":"standard","meta":{"footnotes":""},"categories":[145],"tags":[211,210,114,115,31804,32,33,30604,31805],"class_list":{"0":"post-144782","1":"post","2":"type-post","3":"status-publish","4":"format-standard","5":"has-post-thumbnail","7":"category-celebridades","8":"tag-celebridades","9":"tag-celebrities","10":"tag-entertainment","11":"tag-entretenimento","12":"tag-felipeh-campos","13":"tag-portugal","14":"tag-pt","15":"tag-ronnie-von","16":"tag-teleton-2025"},"share_on_mastodon":{"url":"https:\/\/pubeurope.com\/@pt\/115516739758199458","error":""},"_links":{"self":[{"href":"https:\/\/www.europesays.com\/pt\/wp-json\/wp\/v2\/posts\/144782","targetHints":{"allow":["GET"]}}],"collection":[{"href":"https:\/\/www.europesays.com\/pt\/wp-json\/wp\/v2\/posts"}],"about":[{"href":"https:\/\/www.europesays.com\/pt\/wp-json\/wp\/v2\/types\/post"}],"author":[{"embeddable":true,"href":"https:\/\/www.europesays.com\/pt\/wp-json\/wp\/v2\/users\/2"}],"replies":[{"embeddable":true,"href":"https:\/\/www.europesays.com\/pt\/wp-json\/wp\/v2\/comments?post=144782"}],"version-history":[{"count":0,"href":"https:\/\/www.europesays.com\/pt\/wp-json\/wp\/v2\/posts\/144782\/revisions"}],"wp:featuredmedia":[{"embeddable":true,"href":"https:\/\/www.europesays.com\/pt\/wp-json\/wp\/v2\/media\/144783"}],"wp:attachment":[{"href":"https:\/\/www.europesays.com\/pt\/wp-json\/wp\/v2\/media?parent=144782"}],"wp:term":[{"taxonomy":"category","embeddable":true,"href":"https:\/\/www.europesays.com\/pt\/wp-json\/wp\/v2\/categories?post=144782"},{"taxonomy":"post_tag","embeddable":true,"href":"https:\/\/www.europesays.com\/pt\/wp-json\/wp\/v2\/tags?post=144782"}],"curies":[{"name":"wp","href":"https:\/\/api.w.org\/{rel}","templated":true}]}}