{"id":144784,"date":"2025-11-08T23:45:20","date_gmt":"2025-11-08T23:45:20","guid":{"rendered":"https:\/\/www.europesays.com\/pt\/144784\/"},"modified":"2025-11-08T23:45:20","modified_gmt":"2025-11-08T23:45:20","slug":"apos-assalto-tribunal-de-contas-frances-com-mao-dura-contra-o-louvre","status":"publish","type":"post","link":"https:\/\/www.europesays.com\/pt\/144784\/","title":{"rendered":"Ap\u00f3s assalto, Tribunal de Contas franc\u00eas com &#8216;m\u00e3o dura&#8217; contra o Louvre"},"content":{"rendered":"<p>O Tribunal de Contas franc\u00eas emitiu um relat\u00f3rio sobre o roubo no Museu do Louvre, em Paris, considerando que a administra\u00e7\u00e3o do espa\u00e7o preferiu investir na promo\u00e7\u00e3o da sua imagem, deixando para tr\u00e1s coisas importantes, como a seguran\u00e7a.<\/p>\n<p>&#8220;Apesar dos recursos abundantes, o museu, devido \u00e0 falta de hierarquiza\u00e7\u00e3o dos seus numerosos projetos, enfrenta um obst\u00e1culo de investimentos&#8221;, alerta o Tribunal num relat\u00f3rio referente \u00e0 gest\u00e3o do museu entre 2018 e 2024.<\/p>\n<p>O relat\u00f3rio \u00e9 lan\u00e7ado tr\u00eas semanas ap\u00f3s o assalto a um dos museus mais famosos do mundo e j\u00e1 se esperava que nele constassem criticas \u00e0 sua gest\u00e3o.<\/p>\n<p>Este caso &#8220;\u00e9, sem d\u00favida, um alerta contundente sobre o ritmo lamentavelmente inadequado&#8221; da renova\u00e7\u00e3o e atualiza\u00e7\u00e3o dos equipamentos de seguran\u00e7a no museu, disse o presidente daquela autoridade fiscalizadora francesa, Pierre Moscovici, em confer\u00eancia de imprensa.<\/p>\n<p>Segundo a BFM TV, o Tribunal de Contas alega que o museu &#8220;privilegiou opera\u00e7\u00f5es vis\u00edveis e atraentes em detrimento da manuten\u00e7\u00e3o e renova\u00e7\u00e3o dos edif\u00edcios e instala\u00e7\u00f5es t\u00e9cnicas, nomeadamente de seguran\u00e7a e prote\u00e7\u00e3o&#8221;.<\/p>\n<p>Recorde-se que os resultados de uma auditoria divulgados na quarta-feira revelam igualmente que <a href=\"https:\/\/www.noticiasaominuto.com\/mundo\/2882549\/auditoria-revela-que-palavra-passe-da-videovigilancia-do-louvre-e-louvre\" target=\"_blank\" rel=\"noopener nofollow\">h\u00e1 mais de 10 anos que o museu &#8216;vive&#8217; com graves vulnerabilidades de ciberseguran\u00e7a.<\/a><\/p>\n<p>O jornal franc\u00eas Liberati\u00f3n teve acesso a documentos confidenciais que d\u00e3o conta de v\u00e1rias falhas no sistema de seguran\u00e7a. Por exemplo, o facto de a palavra-passe do sistema de videovigil\u00e2ncia ser nada mais nada menos que&#8230; &#8216;Louvre&#8217;.<\/p>\n<p>A administra\u00e7\u00e3o do Louvre reagiu, dizendo aceitar &#8220;a maioria das recomenda\u00e7\u00f5es&#8221; feitas, embora tenha defendido que o relat\u00f3rio &#8220;n\u00e3o reconheceu&#8221; v\u00e1rias medidas, designadamente no cap\u00edtulo da seguran\u00e7a.<\/p>\n<p>Como j\u00e1 constava de um documento preliminar, o tribunal destacou &#8220;um atraso consider\u00e1vel no ritmo dos investimentos&#8221; face \u00e0 &#8220;deteriora\u00e7\u00e3o acelerada&#8221; do museu, que recebeu nove milh\u00f5es de visitantes em 2024, dos quais 80% turistas estrangeiros.<\/p>\n<p>Moscovici contrariou tamb\u00e9m os sindicatos de trabalhadores do setor, na opini\u00e3o dos quais o furto s\u00f3 foi poss\u00edvel, em parte, pela falta de pessoal da seguran\u00e7a, argumentando que &#8220;s\u00e3o poss\u00edveis melhorias na seguran\u00e7a sem um aumento significativo no n\u00famero de funcion\u00e1rios&#8221;.<\/p>\n<p>&#8220;O roubo de 19 de outubro (&#8230;) demonstra, pelo contr\u00e1rio, que foi facilitado gra\u00e7as aos equipamentos de seguran\u00e7a inadequados&#8221;, afirmou o presidente do tribunal.<\/p>\n<p>J\u00e1 tinham existido alertas do g\u00e9nero nas conclus\u00f5es preliminares do inqu\u00e9rito instaurado pelo Minist\u00e9rio da Cultura, na sequ\u00eancia do assalto.<\/p>\n<p>A ministra da tutela, Rachida Dati, declarou ter existido uma &#8220;subestima\u00e7\u00e3o cr\u00f3nica e estrutural do risco de intrus\u00e3o e roubo&#8221; por parte do museu e tamb\u00e9m &#8220;medidas de seguran\u00e7a inadequadas&#8221;.<\/p>\n<p>Dati anunciou ent\u00e3o medidas para lidar com a &#8220;grave falha de seguran\u00e7a&#8221; nas imedia\u00e7\u00f5es do Louvre, incluindo &#8220;medidas anticolis\u00e3o e anti-intrus\u00e3o&#8221;, que garantiu irem ser executadas &#8220;antes do final do ano&#8221;.<\/p>\n<p>A ministra francesa pediu ainda \u00e0 diretora do museu, Laurence des Cars, que preside \u00e0 administra\u00e7\u00e3o desde setembro de 2021, para &#8220;rever o modelo de governo da institui\u00e7\u00e3o&#8221; e criar &#8220;um novo departamento de seguran\u00e7a, que responda perante a presid\u00eancia&#8221; do Louvre.<\/p>\n<p>A administra\u00e7\u00e3o do Louvre tem marcada para sexta-feira uma reuni\u00e3o de extraordin\u00e1ria, depois de Laurence des Cars ter admitido falhas no sistema de seguran\u00e7a na audi\u00eancia perante a Comiss\u00e3o de Cultura do Senado franc\u00eas, que a questionou.<\/p>\n<p>Tudo aconteceu h\u00e1 19 dias, numa manh\u00e3 de domingo e com o museu a funcionar normalmente, quando quatro ladr\u00f5es pararam uma m\u00e1quina empilhadora numa das ruas adjacentes ao hist\u00f3rico edif\u00edcio e dois entraram na Galeria de Apolo, atrav\u00e9s da plataforma elevat\u00f3ria.<\/p>\n<p>Arrombada uma janela, roubaram joias reais e imperiais, recorrendo a rebarbadoras para abrir as vitrinas onde estavam as pe\u00e7as, antes de se porem em fuga pelo mesmo m\u00e9todo.<\/p>\n<p>At\u00e9 agora, h\u00e1 quatro pessoas suspeitas, detidas e indiciadas &#8211; tr\u00eas alegadamente por participa\u00e7\u00e3o direta no furto -, mas o paradeiro das joias continua desconhecido.<\/p>\n<p>[Not\u00edcia atualizada \u00e0s 12h58]<\/p>\n<p>Leia Tamb\u00e9m: <a href=\"https:\/\/www.noticiasaominuto.com\/mundo\/2881466\/louvre-procuradora-descarta-acao-de-crime-organizado-pessoas-locais\" target=\"_blank\" rel=\"noopener noreferrer nofollow\">Louvre: Procuradora descarta a\u00e7\u00e3o de crime organizado. &#8220;Pessoas locais&#8221;<\/a><\/p>\n","protected":false},"excerpt":{"rendered":"O Tribunal de Contas franc\u00eas emitiu um relat\u00f3rio sobre o roubo no Museu do Louvre, em Paris, considerando&hellip;\n","protected":false},"author":2,"featured_media":144785,"comment_status":"","ping_status":"","sticky":false,"template":"","format":"standard","meta":{"footnotes":""},"categories":[144],"tags":[207,205,206,203,201,202,204,114,115,32,33],"class_list":{"0":"post-144784","1":"post","2":"type-post","3":"status-publish","4":"format-standard","5":"has-post-thumbnail","7":"category-arte-e-design","8":"tag-arte","9":"tag-arte-e-design","10":"tag-artedesign","11":"tag-arts","12":"tag-arts-and-design","13":"tag-artsanddesign","14":"tag-design","15":"tag-entertainment","16":"tag-entretenimento","17":"tag-portugal","18":"tag-pt"},"share_on_mastodon":{"url":"https:\/\/pubeurope.com\/@pt\/115516743567343977","error":""},"_links":{"self":[{"href":"https:\/\/www.europesays.com\/pt\/wp-json\/wp\/v2\/posts\/144784","targetHints":{"allow":["GET"]}}],"collection":[{"href":"https:\/\/www.europesays.com\/pt\/wp-json\/wp\/v2\/posts"}],"about":[{"href":"https:\/\/www.europesays.com\/pt\/wp-json\/wp\/v2\/types\/post"}],"author":[{"embeddable":true,"href":"https:\/\/www.europesays.com\/pt\/wp-json\/wp\/v2\/users\/2"}],"replies":[{"embeddable":true,"href":"https:\/\/www.europesays.com\/pt\/wp-json\/wp\/v2\/comments?post=144784"}],"version-history":[{"count":0,"href":"https:\/\/www.europesays.com\/pt\/wp-json\/wp\/v2\/posts\/144784\/revisions"}],"wp:featuredmedia":[{"embeddable":true,"href":"https:\/\/www.europesays.com\/pt\/wp-json\/wp\/v2\/media\/144785"}],"wp:attachment":[{"href":"https:\/\/www.europesays.com\/pt\/wp-json\/wp\/v2\/media?parent=144784"}],"wp:term":[{"taxonomy":"category","embeddable":true,"href":"https:\/\/www.europesays.com\/pt\/wp-json\/wp\/v2\/categories?post=144784"},{"taxonomy":"post_tag","embeddable":true,"href":"https:\/\/www.europesays.com\/pt\/wp-json\/wp\/v2\/tags?post=144784"}],"curies":[{"name":"wp","href":"https:\/\/api.w.org\/{rel}","templated":true}]}}