{"id":144800,"date":"2025-11-09T00:01:25","date_gmt":"2025-11-09T00:01:25","guid":{"rendered":"https:\/\/www.europesays.com\/pt\/144800\/"},"modified":"2025-11-09T00:01:25","modified_gmt":"2025-11-09T00:01:25","slug":"sabia-que-este-ex-concorrente-polemico-ja-foi-militar-agora-reagiu-ao-regresso-da-1a-companhia-secret-story","status":"publish","type":"post","link":"https:\/\/www.europesays.com\/pt\/144800\/","title":{"rendered":"Sabia que este ex-concorrente pol\u00e9mico j\u00e1 foi militar? Agora, reagiu ao regresso da 1\u00aa Companhia &#8211; Secret Story"},"content":{"rendered":"<p data-end=\"325\" data-start=\"69\">Duas d\u00e9cadas ap\u00f3s a estreia, em 2005, o reality show \u201c1.\u00aa Companhia\u201d est\u00e1 de volta \u00e0 antena da TVI. A nova edi\u00e7\u00e3o, <a href=\"https:\/\/tvi.iol.pt\/secretstory\/jessica-vieira\/maria-botelho-moniz\/vencedora-do-big-brother-reage-a-novidade-de-maria-botelho-moniz\" rel=\"nofollow noopener\" target=\"_blank\">apresentada por Maria Botelho Moniz<\/a>, tem estreia prevista para depois do Natal e ir\u00e1 substituir o Secret Story 9, atualmente em exibi\u00e7\u00e3o.<\/p>\n<p data-end=\"654\" data-start=\"327\">O formato volta a reunir um grupo de figuras p\u00fablicas que aceitaram o desafio de viver como <a href=\"https:\/\/tvi.iol.pt\/secretstory\/primeira-companhia\/reality-show\/a-1-companhia-esta-de-regresso-a-tvi-e-esta-foi-a-reacao-efusiva-de-um-ex-concorrente-de-reality\" rel=\"nofollow noopener\" target=\"_blank\">recrutas durante algumas semanas numa base militar em Portugal<\/a>. Os concorrentes v\u00e3o partilhar o mesmo espa\u00e7o, seguir regras rigorosas e adaptar-se \u00e0 rotina disciplinada da vida militar, sob a autoridade de um Comandante da Companhia.<\/p>\n<p data-end=\"958\" data-start=\"656\">A not\u00edcia do regresso do programa gerou v\u00e1rias rea\u00e7\u00f5es nas redes sociais, sobretudo entre <a href=\"https:\/\/tvi.iol.pt\/secretstory\/primeira-companhia\/jose-castelo-branco\/de-jose-castelo-branco-a-diana-chaves-recorde-os-famosos-que-passaram-pela-1-companhia-e-veja-como-estao-hoje\" rel=\"nofollow noopener\" target=\"_blank\">antigos concorrentes de reality shows<\/a>. Um dos coment\u00e1rios mais destacados foi o do namorado de Catarina Miranda, que tem liga\u00e7\u00e3o direta ao tema militar que inspira o novo programa da esta\u00e7\u00e3o de Queluz de Baixo.<\/p>\n<blockquote class=\"instagram-media\" data-instgrm-captioned=\"\" data-instgrm-permalink=\"https:\/\/www.instagram.com\/reel\/DQus5xDjj1K\/?utm_source=ig_embed&amp;utm_campaign=loading\" data-instgrm-version=\"14\" style=\" background:#FFF; border:0; border-radius:3px; box-shadow:0 0 1px 0 rgba(0,0,0,0.5),0 1px 10px 0 rgba(0,0,0,0.15); margin: 1px; max-width:540px; min-width:326px; padding:0; width:99.375%; width:-webkit-calc(100% - 2px); width:calc(100% - 2px);\">\n<\/blockquote>\n<p data-end=\"1203\" data-start=\"960\">O ex-concorrente foi paraquedista durante quatro anos e integrou uma miss\u00e3o de quase sete meses em \u00c1frica. S\u00f3 depois dessa experi\u00eancia \u00e9 que decidiu participar em tr\u00eas formatos da TVI: \u201cSecret Story 8\u201d, \u201cDesafio Final\u201d e \u201cBig Brother Ver\u00e3o\u201d.<\/p>\n<p data-end=\"1402\" data-start=\"1205\">Na publica\u00e7\u00e3o que anunciou o regresso da \u201c1.\u00aa Companhia\u201d, Afonso Leit\u00e3o, o namorado de Catarina Miranda escreveu apenas \u201cLindo\u201d, enquanto a ex-concorrente do Big Brother reagiu com um emoji de cora\u00e7\u00e3o vermelho.<\/p>\n<p data-end=\"1547\" data-is-last-node=\"\" data-is-only-node=\"\" data-start=\"1404\">Atualmente, o casal dedica-se ao seu neg\u00f3cio conjunto, a loja online \u201cCale Shop\u201d, onde vendem produtos variados como bonecos, chinelos e gomas.<\/p>\n<p>                        <script async src=\"\/\/www.instagram.com\/embed.js\"><\/script><\/p>\n","protected":false},"excerpt":{"rendered":"Duas d\u00e9cadas ap\u00f3s a estreia, em 2005, o reality show \u201c1.\u00aa Companhia\u201d est\u00e1 de volta \u00e0 antena da&hellip;\n","protected":false},"author":2,"featured_media":144801,"comment_status":"","ping_status":"","sticky":false,"template":"","format":"standard","meta":{"footnotes":""},"categories":[142],"tags":[2031,18706,114,115,18705,32,33,151,18704],"class_list":{"0":"post-144800","1":"post","2":"type-post","3":"status-publish","4":"format-standard","5":"has-post-thumbnail","7":"category-tv","8":"tag-afonso-leitao","9":"tag-bastidores-secret-story","10":"tag-entertainment","11":"tag-entretenimento","12":"tag-entrevistas-concorrentes-tvi","13":"tag-portugal","14":"tag-pt","15":"tag-tv","16":"tag-vida-fora-da-casa"},"share_on_mastodon":{"url":"https:\/\/pubeurope.com\/@pt\/115516806471713486","error":""},"_links":{"self":[{"href":"https:\/\/www.europesays.com\/pt\/wp-json\/wp\/v2\/posts\/144800","targetHints":{"allow":["GET"]}}],"collection":[{"href":"https:\/\/www.europesays.com\/pt\/wp-json\/wp\/v2\/posts"}],"about":[{"href":"https:\/\/www.europesays.com\/pt\/wp-json\/wp\/v2\/types\/post"}],"author":[{"embeddable":true,"href":"https:\/\/www.europesays.com\/pt\/wp-json\/wp\/v2\/users\/2"}],"replies":[{"embeddable":true,"href":"https:\/\/www.europesays.com\/pt\/wp-json\/wp\/v2\/comments?post=144800"}],"version-history":[{"count":0,"href":"https:\/\/www.europesays.com\/pt\/wp-json\/wp\/v2\/posts\/144800\/revisions"}],"wp:featuredmedia":[{"embeddable":true,"href":"https:\/\/www.europesays.com\/pt\/wp-json\/wp\/v2\/media\/144801"}],"wp:attachment":[{"href":"https:\/\/www.europesays.com\/pt\/wp-json\/wp\/v2\/media?parent=144800"}],"wp:term":[{"taxonomy":"category","embeddable":true,"href":"https:\/\/www.europesays.com\/pt\/wp-json\/wp\/v2\/categories?post=144800"},{"taxonomy":"post_tag","embeddable":true,"href":"https:\/\/www.europesays.com\/pt\/wp-json\/wp\/v2\/tags?post=144800"}],"curies":[{"name":"wp","href":"https:\/\/api.w.org\/{rel}","templated":true}]}}