{"id":144818,"date":"2025-11-09T00:20:16","date_gmt":"2025-11-09T00:20:16","guid":{"rendered":"https:\/\/www.europesays.com\/pt\/144818\/"},"modified":"2025-11-09T00:20:16","modified_gmt":"2025-11-09T00:20:16","slug":"nao-ha-duas-sem-tres-pedro-jorge-recebe-terceiro-aviao-de-apoio-este-sabado","status":"publish","type":"post","link":"https:\/\/www.europesays.com\/pt\/144818\/","title":{"rendered":"N\u00e3o h\u00e1 duas sem tr\u00eas! Pedro Jorge recebe terceiro avi\u00e3o de apoio este s\u00e1bado"},"content":{"rendered":"<p>\t\t\t\t\t\t\t\t\t\t\t\t<a href=\"#\" onclick=\"window.open('http:\/\/www.facebook.com\/sharer.php?u=https:\/\/cusquices.com\/nao-ha-duas-sem-tres-pedro-jorge-recebe-terceiro-aviao-de-apoio-este-sabado\/&amp;t=N\u00e3o h\u00e1 duas sem tr\u00eas! Pedro Jorge recebe terceiro avi\u00e3o de apoio este s\u00e1bado', 'facebookShare', 'width=626,height=436'); return false;\" title=\"Share on Facebook\"><\/p>\n<p>Share<\/p>\n<p><\/a><br \/>\n\t\t\t\t\t\t\t\t\t\t\t\t<a href=\"#\" onclick=\"window.open('http:\/\/twitter.com\/share?text=N\u00e3o h\u00e1 duas sem tr\u00eas! Pedro Jorge recebe terceiro avi\u00e3o de apoio este s\u00e1bado -&amp;url=https:\/\/cusquices.com\/nao-ha-duas-sem-tres-pedro-jorge-recebe-terceiro-aviao-de-apoio-este-sabado\/', 'twitterShare', 'width=626,height=436'); return false;\" title=\"Tweet This Post\"><\/p>\n<p>Tweet<\/p>\n<p><\/a><br \/>\n\t\t\t\t\t\t\t\t\t\t\t\t<a href=\"whatsapp:\/\/send?text=N\u00e3o h\u00e1 duas sem tr\u00eas! Pedro Jorge recebe terceiro avi\u00e3o de apoio este s\u00e1bado https:\/\/cusquices.com\/nao-ha-duas-sem-tres-pedro-jorge-recebe-terceiro-aviao-de-apoio-este-sabado\/\" rel=\"nofollow\"><\/p>\n<p>Share<\/p>\n<p><\/a><br \/>\n\t\t\t\t\t\t\t\t\t\t\t\t<a href=\"#\" onclick=\"window.open('http:\/\/pinterest.com\/pin\/create\/button\/?url=https:\/\/cusquices.com\/nao-ha-duas-sem-tres-pedro-jorge-recebe-terceiro-aviao-de-apoio-este-sabado\/&amp;media=https:\/\/cusquices.com\/wp-content\/uploads\/2025\/11\/pj-ss-1000x600.jpg&amp;description=N\u00e3o h\u00e1 duas sem tr\u00eas! Pedro Jorge recebe terceiro avi\u00e3o de apoio este s\u00e1bado', 'pinterestShare', 'width=750,height=350'); return false;\" title=\"Pin This Post\"><\/p>\n<p>Share<\/p>\n<p><\/a><br \/>\n\t\t\t\t\t\t\t\t\t\t\t\t<a href=\"mailto:?subject=N\u00e3o h\u00e1 duas sem tr\u00eas! Pedro Jorge recebe terceiro avi\u00e3o de apoio este s\u00e1bado&amp;BODY=I found this article interesting and thought of sharing it with you. Check it out: https:\/\/cusquices.com\/nao-ha-duas-sem-tres-pedro-jorge-recebe-terceiro-aviao-de-apoio-este-sabado\/\"><\/p>\n<p>Email<\/p>\n<p><\/a><br \/>\n\t\t\t\t\t\t\t\t\t\t\t\t\t\t\t\t\t\t\t\t\t\t\t\t\t\t\t\t\t\t\t\t\t\t\t\t\t\t\t\t\t\t\t\t\t\t\t\t\t\t\t\t\t<a href=\"https:\/\/cusquices.com\/nao-ha-duas-sem-tres-pedro-jorge-recebe-terceiro-aviao-de-apoio-este-sabado\/#respond\" rel=\"nofollow noopener\" target=\"_blank\"><\/p>\n<p>Os c\u00e9us da Malveira est\u00e3o agitados este s\u00e1bado, 8 de novembro, depois de passarem dois avi\u00f5es de apoio assinados por Bruno Savate para Pedro Jorge, eis que o concorrente \u00e9 contemplado com mais um avi\u00e3o de apoio.<\/p>\n<p><strong>\u201cPJ MILHARES CTG ORGULHO\/ RUMO A FINAL TEAM\u201d<\/strong>, podia ler-se na faixa de avi\u00e3o.<\/p>\n<p>De recordar, que Pedro Jorge j\u00e1 tinha recebido este s\u00e1bado, dois avi\u00f5es de apoio.<\/p>\n<p><img loading=\"lazy\" decoding=\"async\" width=\"994\" height=\"594\" src=\"https:\/\/www.europesays.com\/pt\/wp-content\/uploads\/2025\/11\/Captura-de-ecra-2025-11-08-as-17.32.50.png\" alt=\"\" class=\"wp-image-100041 webpexpress-processed\"  \/><\/p>\n<p><strong>Leia tamb\u00e9m:<\/strong><\/p>\n<p>\t\t\t\t\t\t\t\t\t\t\t\t\t\t\t\t\t\t\t\t\t\t\t\t\t<img decoding=\"async\" src=\"https:\/\/www.europesays.com\/pt\/wp-content\/uploads\/2025\/10\/cusquices-logo-52x.png\" class=\"webpexpress-processed\"\/><\/p>\n<p>\t\t\t\t\t\t\t\t\t\t\t\t\t\t\t\t\t\t\t\t\t            \t\t\t\t\t\t\t\t\t\t\t\t\t\t\t\t\t\t\t\t\t\t\t\t\t\t\t\t\t\t\t\t\t\t\t\t\t\t\t<script async src=\"https:\/\/platform.twitter.com\/widgets.js\" charset=\"utf-8\"><\/script><\/p>\n","protected":false},"excerpt":{"rendered":"Share Tweet Share Share Email Os c\u00e9us da Malveira est\u00e3o agitados este s\u00e1bado, 8 de novembro, depois de&hellip;\n","protected":false},"author":2,"featured_media":144819,"comment_status":"","ping_status":"","sticky":false,"template":"","format":"standard","meta":{"footnotes":""},"categories":[85],"tags":[2632,49,114,115,21416,32,33],"class_list":{"0":"post-144818","1":"post","2":"type-post","3":"status-publish","4":"format-standard","5":"has-post-thumbnail","7":"category-entretenimento","8":"tag-casa-dos-segredos","9":"tag-destaques","10":"tag-entertainment","11":"tag-entretenimento","12":"tag-pedro-jorge","13":"tag-portugal","14":"tag-pt"},"share_on_mastodon":{"url":"https:\/\/pubeurope.com\/@pt\/115516881256760801","error":""},"_links":{"self":[{"href":"https:\/\/www.europesays.com\/pt\/wp-json\/wp\/v2\/posts\/144818","targetHints":{"allow":["GET"]}}],"collection":[{"href":"https:\/\/www.europesays.com\/pt\/wp-json\/wp\/v2\/posts"}],"about":[{"href":"https:\/\/www.europesays.com\/pt\/wp-json\/wp\/v2\/types\/post"}],"author":[{"embeddable":true,"href":"https:\/\/www.europesays.com\/pt\/wp-json\/wp\/v2\/users\/2"}],"replies":[{"embeddable":true,"href":"https:\/\/www.europesays.com\/pt\/wp-json\/wp\/v2\/comments?post=144818"}],"version-history":[{"count":0,"href":"https:\/\/www.europesays.com\/pt\/wp-json\/wp\/v2\/posts\/144818\/revisions"}],"wp:featuredmedia":[{"embeddable":true,"href":"https:\/\/www.europesays.com\/pt\/wp-json\/wp\/v2\/media\/144819"}],"wp:attachment":[{"href":"https:\/\/www.europesays.com\/pt\/wp-json\/wp\/v2\/media?parent=144818"}],"wp:term":[{"taxonomy":"category","embeddable":true,"href":"https:\/\/www.europesays.com\/pt\/wp-json\/wp\/v2\/categories?post=144818"},{"taxonomy":"post_tag","embeddable":true,"href":"https:\/\/www.europesays.com\/pt\/wp-json\/wp\/v2\/tags?post=144818"}],"curies":[{"name":"wp","href":"https:\/\/api.w.org\/{rel}","templated":true}]}}