{"id":144831,"date":"2025-11-09T00:41:12","date_gmt":"2025-11-09T00:41:12","guid":{"rendered":"https:\/\/www.europesays.com\/pt\/144831\/"},"modified":"2025-11-09T00:41:12","modified_gmt":"2025-11-09T00:41:12","slug":"apos-rumores-bruna-biancardi-esclarece-escolha-de-ana-castela-para-estreia-de-seu-programa","status":"publish","type":"post","link":"https:\/\/www.europesays.com\/pt\/144831\/","title":{"rendered":"Ap\u00f3s rumores, Bruna Biancardi esclarece escolha de Ana Castela para estreia de seu programa"},"content":{"rendered":"<p><a href=\"https:\/\/caras.com.br\/tags\/bruna-biancardi\" target=\"_blank\" rel=\"noopener nofollow\"><strong>Bruna Biancardi<\/strong><\/a> lan\u00e7ou um programa de culin\u00e1ria e sua primeira convidada foi <a href=\"https:\/\/caras.com.br\/tags\/ana-castela\" target=\"_blank\" rel=\"noopener nofollow\"><strong>Ana Castela<\/strong><\/a>. A escolha pela cantora movimentou as redes sociais, j\u00e1 que muitos internautas acreditavam que seria uma indireta para <strong>Virginia Fonseca<\/strong>, com quem a influenciadora digital teve um desentendimento recentemente.<\/p>\n<p>Neste s\u00e1bado, 8, a mulher do jogador <strong>Neymar Jr.<\/strong> decidiu abrir uma caixinha de perguntas para responder as curiosidades dos f\u00e3s sobre seu novo trabalho, e uma pessoa quis saber como aconteceu o convite para a atual namorada do cantor <strong>Z\u00e9 Felipe<\/strong>: \u201cComo surgiu a oportunidade de ter Ana Castela como primeira convidada?\u201d, questionou uma f\u00e3.<\/p>\n<p>Ela, ent\u00e3o, respondeu: \u201cQuando chamei a Ana, ela topou na hora. Mas as grava\u00e7\u00f5es com todos os convidados estavam agendadas para novembro, e ela s\u00f3 poderia em outubro\u201d, explicou. Em seguida, Biancardi contou que os epis\u00f3dios v\u00e3o ao ar conforme a ordem que foram gravados, por isso o programa com Ana Castela foi o primeiro. \u201cAntecipamos a dela, e por isso foi a primeira receita. Vamos soltar os v\u00eddeos na mesma ordem em que foram gravados\u201d, completou a influencer, colocando um fim nas especula\u00e7\u00f5es.<\/p>\n<p>Durante o programa Melhor da Tarde, da Band, o colunista e apresentador Leo Dias revelou que Virginia e Neymar possuem uma parceria profissional e conversavam pelos celular sobre os neg\u00f3cios. Um dia,<a href=\"https:\/\/caras.com.br\/atualidades\/suposto-climao-entre-virginia-fonseca-e-bruna-biancardi-vem-tona.phtml\" target=\"_blank\" rel=\"noopener nofollow\"> a apresentadora do SBT ligou para o jogador de futebol \u00e0s 2h da madrugada<\/a> por causa da ansiedade envolvendo a parceria, e Bruna Biancardi n\u00e3o gostou nada.\u00a0Ela teria questionado o motivo de \u201cuma mulher casada estar ligando para um homem casado \u00e0s duas da manh\u00e3?\u201d.<\/p>\n<p>Em entrevista ao portal LeoDias, ap\u00f3s a repercuss\u00e3o do assunto, <a href=\"https:\/\/caras.com.br\/atualidades\/virginia-pede-desculpas-para-neymar-e-bruna-biancardi-entenda-historia.phtml\" target=\"_blank\" rel=\"noopener nofollow\">Virginia se desculpou<\/a>. \u201cSempre fiz, mas a pe\u00e7o desculpa a quem n\u00e3o gostou, mas faz parte\u201d, disse ela, que ainda explicou que <a href=\"https:\/\/caras.com.br\/atualidades\/virginia-revela-por-que-ligou-para-neymar-de-madrugada-e-expoe-reacao-de-bruna-biancardi.phtml\" target=\"_blank\" rel=\"noopener nofollow\">a liga\u00e7\u00e3o era por causa do leil\u00e3o beneficente do atleta<\/a>. \u201cEu voltei da festa, sem no\u00e7\u00e3o e liguei para ele para falar. A\u00ed a Bruna mandou uma mensagem pra mim e disse: \u2018pode ligar no meu\u2019. A\u00ed eu falei: \u2018Bruna, relaxa que n\u00e3o \u00e9 nada de importante. \u00c9 sobre o leil\u00e3o\u2019. Ali eu j\u00e1 percebi que tinha vacilado e mandei uma mensagem para o Ney depois pedindo desculpa por qualquer desconforto causado entre ele e a Bruna\u201d, contou.<\/p>\n<p>Mas ao que tudo indica o clima entre Bruna e Virginia n\u00e3o foi apenas por causa da liga\u00e7\u00e3o. Ap\u00f3s a declara\u00e7\u00e3o da apresentadora, <a href=\"https:\/\/caras.com.br\/atualidades\/bruna-biancardi-reage-ao-ver-virginia-falando-de-neymar-nao-foi.phtml\" target=\"_blank\" rel=\"noopener nofollow\">a influencer se pronunciou nas redes sociais<\/a>. \u201cS\u00f3 para encerrar esse assunto, pois, pelo visto, ela est\u00e1 gostando do tema, n\u00e9?! Os meus problemas eu n\u00e3o resolvo na internet, muito menos em entrevistas \u2014 ainda mais para esse tipo de \u201cjornalismo\u201d. N\u00e3o foi uma situa\u00e7\u00e3o isolada. Ela j\u00e1 demonstrou n\u00e3o ter postura e educa\u00e7\u00e3o comigo, dentro da minha casa inclusive \u2014 bem diferente da pessoa que ela mostra ser na internet. Sobre a liga\u00e7\u00e3o: ela sabe que n\u00e3o foi assim\u201d, disse a esposa de Neymar.<\/p>\n<p> <img loading=\"lazy\" decoding=\"async\" class=\"size-full wp-image-1028650 img-fluid lazy\" alt=\"Bruna Biancardi esclarece escolha de Ana Castela para estreia do programa - Foto: Instagram\" width=\"600\" height=\"1033\" src=\"https:\/\/www.europesays.com\/pt\/wp-content\/uploads\/2025\/11\/bruna-biancardi-ana-castela-programa.jpeg\"  \/>Bruna Biancardi esclarece escolha de Ana Castela para estreia do programa \u2013 Foto: Instagram <\/p>\n<p><strong>Leia tamb\u00e9m:<\/strong> <a href=\"https:\/\/caras.com.br\/kids\/filha-de-bruna-biancardi-surge-com-look-estiloso-durante-passeio.phtml\" target=\"_blank\" rel=\"noopener nofollow\">Filha de Bruna Biancardi surge com look estiloso durante passeio<\/a><\/p>\n<p>        <a href=\"https:\/\/caras.com.br\/autor\/daniela-santos\" rel=\"nofollow noopener\" target=\"_blank\">&#13;<br \/>\n          <img loading=\"lazy\" decoding=\"async\" alt=\"Daniela Santos\" src=\"https:\/\/www.europesays.com\/pt\/wp-content\/uploads\/2025\/09\/1758949148_187_daniela-santos_sqmd.jpg\" class=\"avatar avatar-115 photo rounded-circle\" height=\"115\" width=\"115\"\/>        <\/a><\/p>\n<p><b>Daniela Santos<\/b> \u00e9 rep\u00f3rter do site CARAS. Formada em jornalismo pela FIAM FAAM, atua na \u00e1rea de celebridades e TV desde 2018<\/p>\n<ul class=\"terms-list post_tag list-inline\">\n<li class=\"ana-castela list-inline-item\">\n\t\t\t\t\t<a href=\"https:\/\/caras.com.br\/tags\/ana-castela\" class=\"item-category\" rel=\"nofollow noopener\" target=\"_blank\">ana castela<\/a>\n\t\t\t\t<\/li>\n<li class=\"bruna-biancardi list-inline-item\">\n\t\t\t\t\t<a href=\"https:\/\/caras.com.br\/tags\/bruna-biancardi\" class=\"item-category\" rel=\"nofollow noopener\" target=\"_blank\">Bruna Biancardi<\/a>\n\t\t\t\t<\/li>\n<\/ul>\n","protected":false},"excerpt":{"rendered":"Bruna Biancardi lan\u00e7ou um programa de culin\u00e1ria e sua primeira convidada foi Ana Castela. A escolha pela cantora&hellip;\n","protected":false},"author":2,"featured_media":144832,"comment_status":"","ping_status":"","sticky":false,"template":"","format":"standard","meta":{"footnotes":""},"categories":[145],"tags":[13762,4290,211,210,114,115,32,33],"class_list":{"0":"post-144831","1":"post","2":"type-post","3":"status-publish","4":"format-standard","5":"has-post-thumbnail","7":"category-celebridades","8":"tag-ana-castela","9":"tag-bruna-biancardi","10":"tag-celebridades","11":"tag-celebrities","12":"tag-entertainment","13":"tag-entretenimento","14":"tag-portugal","15":"tag-pt"},"share_on_mastodon":{"url":"https:\/\/pubeurope.com\/@pt\/115516963936276244","error":""},"_links":{"self":[{"href":"https:\/\/www.europesays.com\/pt\/wp-json\/wp\/v2\/posts\/144831","targetHints":{"allow":["GET"]}}],"collection":[{"href":"https:\/\/www.europesays.com\/pt\/wp-json\/wp\/v2\/posts"}],"about":[{"href":"https:\/\/www.europesays.com\/pt\/wp-json\/wp\/v2\/types\/post"}],"author":[{"embeddable":true,"href":"https:\/\/www.europesays.com\/pt\/wp-json\/wp\/v2\/users\/2"}],"replies":[{"embeddable":true,"href":"https:\/\/www.europesays.com\/pt\/wp-json\/wp\/v2\/comments?post=144831"}],"version-history":[{"count":0,"href":"https:\/\/www.europesays.com\/pt\/wp-json\/wp\/v2\/posts\/144831\/revisions"}],"wp:featuredmedia":[{"embeddable":true,"href":"https:\/\/www.europesays.com\/pt\/wp-json\/wp\/v2\/media\/144832"}],"wp:attachment":[{"href":"https:\/\/www.europesays.com\/pt\/wp-json\/wp\/v2\/media?parent=144831"}],"wp:term":[{"taxonomy":"category","embeddable":true,"href":"https:\/\/www.europesays.com\/pt\/wp-json\/wp\/v2\/categories?post=144831"},{"taxonomy":"post_tag","embeddable":true,"href":"https:\/\/www.europesays.com\/pt\/wp-json\/wp\/v2\/tags?post=144831"}],"curies":[{"name":"wp","href":"https:\/\/api.w.org\/{rel}","templated":true}]}}