{"id":144837,"date":"2025-11-09T00:47:19","date_gmt":"2025-11-09T00:47:19","guid":{"rendered":"https:\/\/www.europesays.com\/pt\/144837\/"},"modified":"2025-11-09T00:47:19","modified_gmt":"2025-11-09T00:47:19","slug":"alex-marquez-vence-sprint-apos-briga-intensa-com-acosta","status":"publish","type":"post","link":"https:\/\/www.europesays.com\/pt\/144837\/","title":{"rendered":"\u00c1lex M\u00e1rquez vence sprint ap\u00f3s briga intensa com Acosta"},"content":{"rendered":"<p>\u00c1lex M\u00e1rquez (Gresini Racing, Ducati) faturou a vit\u00f3ria na prova sprint da MotoGP em Portugal ap\u00f3s uma intensa batalha com Pedro Acosta. O espanhol da Gresini Racing largou em P5 e fez uma pequena escalada para levar mais 12 pontos\u00a0\u2014 n\u00e3o que fa\u00e7a diferen\u00e7a, j\u00e1 que ele o campeonato j\u00e1 foi decidido e ele \u00e9 vice-campe\u00e3o.<\/p>\n<p>Leia tamb\u00e9m:<\/p>\n<p>Como foi a corrida sprint da MotoGP em Portugal<\/p>\n<p>Na largada, Pedro Acosta (KTM) fez uma forte largada, mas n\u00e3o foi o bastante para tomar o P1 do pole position Marco Bezzechi (Aprilia). Alex M\u00e1rquez subiu uma posi\u00e7\u00e3o e jogou Fabio Quartararo para P4.<\/p>\n<p>Pecco Bagnaia teve problemas na largada, com sua moto empinando mais que o necess\u00e1rio. Assim, ele caiu uma posi\u00e7\u00e3o e ficou com o P5.<\/p>\n<p>Na volta 2, Acosta conseguiu ultrapassar Bez ap\u00f3s manter uma enorme press\u00e3o no italiano. Na tentativa de recuperar o P1, Bez acabou perdendo um pouco a traseira, o que lhe custou tempo e deixou A. M\u00e1rquez se aproximar.<\/p>\n<p>Na abertura da terceira volta, aproveitando a grande reta e descida do circuito do Algarve, M\u00e1rquez conseguiu passar Bez sem dificuldades. O alvo da vez do vice-campe\u00e3o de 2025 era Acosta.<\/p>\n<p>Na volta 4, Nicolo Bulega caiu e a bandeira amarela foi acionada no setor 4, o que n\u00e3o prejudicou muito a bela disputa do top 3.<\/p>\n<p>Bez tentou ultrapassar M\u00e1rquez na metade do circuito, mas acabou errando na frenagem e deixou o espanhol se afastar um pouco mais.<\/p>\n<p>Novamente na abertura de uma volta (volta 6), M\u00e1rquez aproveitou a reta principal para mergulhar por dentro e passar Acosta. Pouco depois o piloto da KTM recuperou o P1.<\/p>\n<p>Na volta seguinte, M\u00e1rquez passou Acosta j\u00e1 na reta principal, sem precisar arriscar um mergulho na curva 1. Por\u00e9m, em quase que uma repeti\u00e7\u00e3o da volta anterior, Acosta retomou o P1 nas curvas seguintes.<\/p>\n<p>Conforme os espanh\u00f3is brigavam entre si, Bezzecchi se mantinha em uma dist\u00e2ncia segura dos l\u00edderes da prova.<\/p>\n<p>\u00a0<\/p>\n<p>Na abertura da volta 8, M\u00e1rquez novamente passou Acosta na reta, mas o piloto da KTM n\u00e3o conseguiu contra-atacar nas voltas seguintes.<\/p>\n<p>O vice-campe\u00e3o da MotoGP 2025 conseguiu se livrar da Acosta nas voltas seguintes, virando voltas mais r\u00e1pidas que o piloto da KTM.\u00a0<\/p>\n<p>No resto do grid, Quartararo, Di Giannantonio, Pecco, Zarco, Aldeguer, Binder e Pol Esparagar\u00f3 fechavam o top 10.<\/p>\n<p>Com a sprint chegando nas duas voltas finais, o clima esfriou na disputa do p\u00f3dio. Bezzecchi j\u00e1 indicava que n\u00e3o arriscaria mais nada desde que M\u00e1rquez e Acosta passaram a trocar posi\u00e7\u00f5es. Acosta imprimia um ritmo mais intenso, mas insuficiente para tomar o P1 nos curtos metros que separam a \u00faltima curva do Circuito do Algarve at\u00e9 a linha de chegada.\u00a0<\/p>\n<p>Assim, \u00c1lex M\u00e1rquez fechou a prova com o P1, seguido do conterr\u00e2neo Acosta e do italiano Marco Bezzecchi.<\/p>\n<p>            We want your opinion!<\/p>\n<p class=\"mt-auto\">What would you like to see on Motorsport.com?<\/p>\n<p>            <a href=\"#\" class=\"ms-link text-link font-bold\">Take our 5 minute survey.<\/a><\/p>\n<p class=\"mt-1 text-body\">&#8211; The Motorsport.com Team<\/p>\n","protected":false},"excerpt":{"rendered":"\u00c1lex M\u00e1rquez (Gresini Racing, Ducati) faturou a vit\u00f3ria na prova sprint da MotoGP em Portugal ap\u00f3s uma intensa&hellip;\n","protected":false},"author":2,"featured_media":144838,"comment_status":"","ping_status":"","sticky":false,"template":"","format":"standard","meta":{"footnotes":""},"categories":[87],"tags":[31813,135,31812,10166,31811,32,33,134],"class_list":{"0":"post-144837","1":"post","2":"type-post","3":"status-publish","4":"format-standard","5":"has-post-thumbnail","7":"category-desporto","8":"tag-algarve-international-circuit","9":"tag-desporto","10":"tag-gp-de-portugal","11":"tag-motogp","12":"tag-motogp-u00c1lex-mu00e1rquez-vence-sprint-em-portugal-apu00f3s-briga-intensa-contra-pedro-acosta","13":"tag-portugal","14":"tag-pt","15":"tag-sports"},"share_on_mastodon":{"url":"https:\/\/pubeurope.com\/@pt\/115516987856445783","error":""},"_links":{"self":[{"href":"https:\/\/www.europesays.com\/pt\/wp-json\/wp\/v2\/posts\/144837","targetHints":{"allow":["GET"]}}],"collection":[{"href":"https:\/\/www.europesays.com\/pt\/wp-json\/wp\/v2\/posts"}],"about":[{"href":"https:\/\/www.europesays.com\/pt\/wp-json\/wp\/v2\/types\/post"}],"author":[{"embeddable":true,"href":"https:\/\/www.europesays.com\/pt\/wp-json\/wp\/v2\/users\/2"}],"replies":[{"embeddable":true,"href":"https:\/\/www.europesays.com\/pt\/wp-json\/wp\/v2\/comments?post=144837"}],"version-history":[{"count":0,"href":"https:\/\/www.europesays.com\/pt\/wp-json\/wp\/v2\/posts\/144837\/revisions"}],"wp:featuredmedia":[{"embeddable":true,"href":"https:\/\/www.europesays.com\/pt\/wp-json\/wp\/v2\/media\/144838"}],"wp:attachment":[{"href":"https:\/\/www.europesays.com\/pt\/wp-json\/wp\/v2\/media?parent=144837"}],"wp:term":[{"taxonomy":"category","embeddable":true,"href":"https:\/\/www.europesays.com\/pt\/wp-json\/wp\/v2\/categories?post=144837"},{"taxonomy":"post_tag","embeddable":true,"href":"https:\/\/www.europesays.com\/pt\/wp-json\/wp\/v2\/tags?post=144837"}],"curies":[{"name":"wp","href":"https:\/\/api.w.org\/{rel}","templated":true}]}}