{"id":144854,"date":"2025-11-09T01:08:08","date_gmt":"2025-11-09T01:08:08","guid":{"rendered":"https:\/\/www.europesays.com\/pt\/144854\/"},"modified":"2025-11-09T01:08:08","modified_gmt":"2025-11-09T01:08:08","slug":"benfica-bate-recorde-do-mundo-de-votantes-em-eleicoes-de-um-clube-eleicoes","status":"publish","type":"post","link":"https:\/\/www.europesays.com\/pt\/144854\/","title":{"rendered":"Benfica bate recorde do mundo de votantes em elei\u00e7\u00f5es de um clube | Elei\u00e7\u00f5es"},"content":{"rendered":"<p>Desta vez, houve recorde. H\u00e1 15 dias o <a href=\"https:\/\/www.publico.pt\/desporto\/sl-benfica\" rel=\"nofollow noopener\" target=\"_blank\">Benfica<\/a> tinha batido o recorde, na posse do Barcelona, de clube com o maior n\u00famero de s\u00f3cios a votarem para a elei\u00e7\u00e3o de um presidente (no sufr\u00e1gio dos catal\u00e3es, em 2010, votaram 57.088 e na primeira volta das elei\u00e7\u00f5es benfiquistas votaram 86.297). S\u00f3 que o resultado n\u00e3o foi validado pelo Guinness World Records por a elei\u00e7\u00e3o &#8220;encarnada&#8221; n\u00e3o ter originado a elei\u00e7\u00e3o de um presidente. Agora, contudo, \u00e9 certo que haver\u00e1 elei\u00e7\u00e3o. E quando as urnas fecharam tinham votado mais de 93 mil associados benfiquistas.<\/p>\n<p>A confirma\u00e7\u00e3o de que haveria recorde foi feita pela voz do presidente da Mesa da Assembleia Geral do Benfica, Pereira da Costa, a meio da tarde. &#8220;[A primeira volta] Foi uma elei\u00e7\u00e3o. N\u00e3o contou para os devidos efeitos porque n\u00e3o elegeu. Mas \u00e9 uma elei\u00e7\u00e3o. Tamb\u00e9m foi uma vota\u00e7\u00e3o com um n\u00famero enorme de eleitores. H\u00e1 uma constante. N\u00e3o consigo fazer uma perspectiva de quantos s\u00f3cios votar\u00e3o at\u00e9 ao final do dia. Estamos bastante satisfeitos, mas s\u00f3 isso. Bater o recorde da primeira volta? Estamos convictos. Como vos disse, hoje \u00e9 um dia diferente. Um dia em que n\u00e3o h\u00e1 jogo, as condi\u00e7\u00f5es meteorol\u00f3gicas s\u00e3o outras. \u00c9 um n\u00famero que nos deixa bastante satisfeitos&#8221;, declarou o dirigente.<\/p>\n<p>E a convic\u00e7\u00e3o de Pereira da Costa confirmou-se. Os n\u00fameros continuaram a crescer \u00e0 medida que as horas avan\u00e7avam e \u00e0s 19h30 ultrapassou-se a vota\u00e7\u00e3o da primeira volta. Quando as 108 sec\u00e7\u00f5es de voto fecharam, o presidente da Mesa anunciou que tinham votado 93.081 associados.<\/p>\n<p><a href=\"https:\/\/www.publico.pt\/2025\/10\/26\/desporto\/noticia\/rui-costa-vence-eleicoes-benfica-ha-segunda-volta-noronha-lopes-2152193\" rel=\"nofollow noopener\" target=\"_blank\">Rui Costa<\/a> (Lista G), e o gestor Jo\u00e3o Noronha Lopes (Lista F) disputam a presid\u00eancia do clube lisboeta numa <a href=\"https:\/\/www.publico.pt\/2025\/11\/07\/desporto\/noticia\/eleicoes-benfica-rui-costa-dilema-oposicao-2153842\" rel=\"nofollow noopener\" target=\"_blank\">segunda volta<\/a>, depois de terem sido os dois candidatos mais votados no sufr\u00e1gio de 25 de Outubro, que registou uma aflu\u00eancia recorde a n\u00edvel mundial, com 86.297 votantes.<\/p>\n<p>Fora da corrida ficaram o antigo presidente Lu\u00eds Filipe Vieira (13,86%), Jo\u00e3o Diogo Manteigas (11,48%), Martim Mayer (2,10%) e Crist\u00f3v\u00e3o Carvalho (0,18%).<\/p>\n<p>Na vota\u00e7\u00e3o, os s\u00f3cios do Benfica depositam quatro boletins em urna, para os tr\u00eas \u00f3rg\u00e3os sociais (Direc\u00e7\u00e3o, Conselho Fiscal e Mesa da Assembleia Geral) e para o \u00f3rg\u00e3o estatut\u00e1rio Comiss\u00e3o de Remunera\u00e7\u00f5es.<\/p>\n","protected":false},"excerpt":{"rendered":"Desta vez, houve recorde. H\u00e1 15 dias o Benfica tinha batido o recorde, na posse do Barcelona, de&hellip;\n","protected":false},"author":2,"featured_media":144855,"comment_status":"","ping_status":"","sticky":false,"template":"","format":"standard","meta":{"footnotes":""},"categories":[8],"tags":[27,28,135,2258,15,16,524,14,25,26,21,22,12,13,19,20,32,23,24,33,3099,17,18,29,30,31],"class_list":{"0":"post-144854","1":"post","2":"type-post","3":"status-publish","4":"format-standard","5":"has-post-thumbnail","7":"category-principais-noticias","8":"tag-breaking-news","9":"tag-breakingnews","10":"tag-desporto","11":"tag-eleicoes","12":"tag-featured-news","13":"tag-featurednews","14":"tag-futebol","15":"tag-headlines","16":"tag-latest-news","17":"tag-latestnews","18":"tag-main-news","19":"tag-mainnews","20":"tag-news","21":"tag-noticias","22":"tag-noticias-principais","23":"tag-noticiasprincipais","24":"tag-portugal","25":"tag-principais-noticias","26":"tag-principaisnoticias","27":"tag-pt","28":"tag-sl-benfica","29":"tag-top-stories","30":"tag-topstories","31":"tag-ultimas","32":"tag-ultimas-noticias","33":"tag-ultimasnoticias"},"share_on_mastodon":{"url":"https:\/\/pubeurope.com\/@pt\/115517070418326114","error":""},"_links":{"self":[{"href":"https:\/\/www.europesays.com\/pt\/wp-json\/wp\/v2\/posts\/144854","targetHints":{"allow":["GET"]}}],"collection":[{"href":"https:\/\/www.europesays.com\/pt\/wp-json\/wp\/v2\/posts"}],"about":[{"href":"https:\/\/www.europesays.com\/pt\/wp-json\/wp\/v2\/types\/post"}],"author":[{"embeddable":true,"href":"https:\/\/www.europesays.com\/pt\/wp-json\/wp\/v2\/users\/2"}],"replies":[{"embeddable":true,"href":"https:\/\/www.europesays.com\/pt\/wp-json\/wp\/v2\/comments?post=144854"}],"version-history":[{"count":0,"href":"https:\/\/www.europesays.com\/pt\/wp-json\/wp\/v2\/posts\/144854\/revisions"}],"wp:featuredmedia":[{"embeddable":true,"href":"https:\/\/www.europesays.com\/pt\/wp-json\/wp\/v2\/media\/144855"}],"wp:attachment":[{"href":"https:\/\/www.europesays.com\/pt\/wp-json\/wp\/v2\/media?parent=144854"}],"wp:term":[{"taxonomy":"category","embeddable":true,"href":"https:\/\/www.europesays.com\/pt\/wp-json\/wp\/v2\/categories?post=144854"},{"taxonomy":"post_tag","embeddable":true,"href":"https:\/\/www.europesays.com\/pt\/wp-json\/wp\/v2\/tags?post=144854"}],"curies":[{"name":"wp","href":"https:\/\/api.w.org\/{rel}","templated":true}]}}