{"id":144856,"date":"2025-11-09T01:09:08","date_gmt":"2025-11-09T01:09:08","guid":{"rendered":"https:\/\/www.europesays.com\/pt\/144856\/"},"modified":"2025-11-09T01:09:08","modified_gmt":"2025-11-09T01:09:08","slug":"sbt-usa-ia-para-recriar-silvio-santos-e-hebe-camargo-08-11-2025-ilustrada","status":"publish","type":"post","link":"https:\/\/www.europesays.com\/pt\/144856\/","title":{"rendered":"SBT usa IA para recriar Silvio Santos e Hebe Camargo &#8211; 08\/11\/2025 &#8211; Ilustrada"},"content":{"rendered":"<p>O <a href=\"https:\/\/www1.folha.uol.com.br\/folha-topicos\/sbt\/\" rel=\"nofollow noopener\" target=\"_blank\">SBT<\/a> usou ferramentas de <a href=\"https:\/\/www1.folha.uol.com.br\/folha-topicos\/inteligencia-artificial\/\" rel=\"nofollow noopener\" target=\"_blank\">intelig\u00eancia artificial<\/a>, a IA, para inserir participa\u00e7\u00f5es especiais de <a href=\"https:\/\/www1.folha.uol.com.br\/folha-topicos\/silvio-santos\/\" rel=\"nofollow noopener\" target=\"_blank\">Silvio Santos<\/a> (1930-2024) e Hebe Camargo (1929-2014) em sua programa\u00e7\u00e3o. O v\u00eddeo com as personalidades foi transmitido na abertura do<a href=\"https:\/\/f5.folha.uol.com.br\/televisao\/2025\/11\/eliana-thiaguinho-serginho-groisman-e-outros-famosos-participam-do-primeiro-dia-do-teleton.shtml\" rel=\"nofollow noopener\" target=\"\"> Teleton 2025<\/a>, na sexta-feira (7).<\/p>\n<p>O <a href=\"https:\/\/f5.folha.uol.com.br\/colunistas\/thiagostivaletti\/2024\/08\/ao-mesmo-tempo-simpatico-e-cruel-silvio-santos-foi-a-maior-face-do-capitalismo-a-brasileira.shtml\" rel=\"nofollow noopener\" target=\"\">dono do canal de televis\u00e3o<\/a> e apresentadora, em suas vers\u00f5es criadas com a <a href=\"https:\/\/www1.folha.uol.com.br\/folha-topicos\/tecnologia\/\" rel=\"nofollow noopener\" target=\"_blank\">tecnologia<\/a>, conversam durante uma liga\u00e7\u00e3o que simula a cria\u00e7\u00e3o do projeto beneficente. Hebe surge no v\u00eddeo perguntando a Silvio Santos o que ele acha de <a href=\"https:\/\/www1.folha.uol.com.br\/fsp\/cotidian\/ff18059823.htm\" rel=\"nofollow noopener\" target=\"\">fazer o Teleton<\/a>. &#8220;Se \u00e9 para mudar vidas, o SBT abre suas portas&#8221;, o personagem responde.<\/p>\n<p>A pe\u00e7a traz na abertura o aviso de que o v\u00eddeo foi feito com o uso de intelig\u00eancia artificial para retratar &#8220;de forma art\u00edstica&#8221; a hist\u00f3ria do Teleton e da organiza\u00e7\u00e3o sem fins lucrativos atrelada ao projeto, Associa\u00e7\u00e3o de Assist\u00eancia \u00e0 Crian\u00e7a Deficiente, a AACD.<\/p>\n<p>Al\u00e9m de Silvio Santos e Hebe Camargo, outras personalidades foram desenhadas com a intelig\u00eancia artificial, como os apresentadores <a href=\"https:\/\/www1.folha.uol.com.br\/folha-topicos\/ratinho\/\" rel=\"nofollow noopener\" target=\"_blank\">Ratinho<\/a>, <a href=\"https:\/\/www1.folha.uol.com.br\/folha-topicos\/celso-portiolli\/\" rel=\"nofollow noopener\" target=\"_blank\">Celso Portiolli<\/a>, <a href=\"https:\/\/www1.folha.uol.com.br\/folha-topicos\/eliana\/\" rel=\"nofollow noopener\" target=\"_blank\">Eliana<\/a> e Gugu Liberato (1959-2019) e o cantor Daniel. Alguns deles apareceram em vers\u00f5es mais jovens, com base em suas fisionomias no passado.<\/p>\n<p>O criador do v\u00eddeo de cerca de 3 minutos, Matheus Trombino, foi entrevistado durante o programa neste s\u00e1bado (8), por Portiolli. Ele afirmou que trabalhou a partir de poucas imagens antigas que foram restauradas e recriou a cena de bastidor, que n\u00e3o foi gravada, da conversa entre Hebe e Silvio Santos.<\/p>\n","protected":false},"excerpt":{"rendered":"O SBT usou ferramentas de intelig\u00eancia artificial, a IA, para inserir participa\u00e7\u00f5es especiais de Silvio Santos (1930-2024) e&hellip;\n","protected":false},"author":2,"featured_media":144857,"comment_status":"","ping_status":"","sticky":false,"template":"","format":"standard","meta":{"footnotes":""},"categories":[145],"tags":[211,210,10817,14281,14062,114,115,236,31814,414,933,32,11362,33,1826,936,10646,110,31739,218,600],"class_list":{"0":"post-144856","1":"post","2":"type-post","3":"status-publish","4":"format-standard","5":"has-post-thumbnail","7":"category-celebridades","8":"tag-celebridades","9":"tag-celebrities","10":"tag-celso-portiolli","11":"tag-daniel","12":"tag-eliana","13":"tag-entertainment","14":"tag-entretenimento","15":"tag-folha","16":"tag-hebe-camargo","17":"tag-ia","18":"tag-inteligencia-artificial","19":"tag-portugal","20":"tag-programa-silvio-santos","21":"tag-pt","22":"tag-ratinho","23":"tag-sbt","24":"tag-silvio-santos","25":"tag-tecnologia","26":"tag-teleton","27":"tag-televisao","28":"tag-veja-video"},"share_on_mastodon":{"url":"https:\/\/pubeurope.com\/@pt\/115517073812678193","error":""},"_links":{"self":[{"href":"https:\/\/www.europesays.com\/pt\/wp-json\/wp\/v2\/posts\/144856","targetHints":{"allow":["GET"]}}],"collection":[{"href":"https:\/\/www.europesays.com\/pt\/wp-json\/wp\/v2\/posts"}],"about":[{"href":"https:\/\/www.europesays.com\/pt\/wp-json\/wp\/v2\/types\/post"}],"author":[{"embeddable":true,"href":"https:\/\/www.europesays.com\/pt\/wp-json\/wp\/v2\/users\/2"}],"replies":[{"embeddable":true,"href":"https:\/\/www.europesays.com\/pt\/wp-json\/wp\/v2\/comments?post=144856"}],"version-history":[{"count":0,"href":"https:\/\/www.europesays.com\/pt\/wp-json\/wp\/v2\/posts\/144856\/revisions"}],"wp:featuredmedia":[{"embeddable":true,"href":"https:\/\/www.europesays.com\/pt\/wp-json\/wp\/v2\/media\/144857"}],"wp:attachment":[{"href":"https:\/\/www.europesays.com\/pt\/wp-json\/wp\/v2\/media?parent=144856"}],"wp:term":[{"taxonomy":"category","embeddable":true,"href":"https:\/\/www.europesays.com\/pt\/wp-json\/wp\/v2\/categories?post=144856"},{"taxonomy":"post_tag","embeddable":true,"href":"https:\/\/www.europesays.com\/pt\/wp-json\/wp\/v2\/tags?post=144856"}],"curies":[{"name":"wp","href":"https:\/\/api.w.org\/{rel}","templated":true}]}}