{"id":144901,"date":"2025-11-09T02:23:37","date_gmt":"2025-11-09T02:23:37","guid":{"rendered":"https:\/\/www.europesays.com\/pt\/144901\/"},"modified":"2025-11-09T02:23:37","modified_gmt":"2025-11-09T02:23:37","slug":"mercadona-chega-ao-coracao-do-porto-com-nova-loja-em-espaco-comercial-de-70-milhoes-de-euros","status":"publish","type":"post","link":"https:\/\/www.europesays.com\/pt\/144901\/","title":{"rendered":"Mercadona chega ao \u201ccora\u00e7\u00e3o\u201d do Porto com nova loja em espa\u00e7o comercial de 70 milh\u00f5es de euros"},"content":{"rendered":"<p>A Mercadona assinou contrato para instalar uma nova loja no HOP \u2013 Heart of Porto, um espa\u00e7o comercial no cora\u00e7\u00e3o da cidade invicta que resultou da requalifica\u00e7\u00e3o do antigo centro comercial La Vie, e representou um investimento superior a 70 milh\u00f5es de euros por parte da joint venture entre a Tikehau Capital e a Quest Capital.<\/p>\n<p>O HOP, um empreendimento multifuncional situado na baixa da cidade, abrange uma \u00e1rea total de cerca de 30.000 m\u00b2, distribu\u00eddos por \u00e1reas de escrit\u00f3rios, com\u00e9rcio e lazer. Inclui 15.700 m\u00b2 de escrit\u00f3rios de \u00faltima gera\u00e7\u00e3o, 8.236 m\u00b2 dedicados ao retalho e 416 lugares de estacionamento, com 42 pontos de carregamento el\u00e9trico e 90 lugares para bicicletas.<\/p>\n<p>O edif\u00edcio disponibiliza ainda rooftop com bar, audit\u00f3rio, sala multiusos, balne\u00e1rios com chuveiros e cacifos, cafeteria no lobby e seguran\u00e7a 24 horas.<\/p>\n<p>Situado junto \u00e0 Rua de Santa Catarina, o HOP beneficia da proximidade ao Mercado do Bolh\u00e3o, ao Teatro Rivoli e \u00e0 Ribeira, com acesso direto ao metro e a v\u00e1rias op\u00e7\u00f5es de mobilidade sustent\u00e1vel.<\/p>\n<p>\u201cEstamos muito satisfeitos por fazer parte do HOP \u2013 Heart of Porto, um projeto que se distingue pela inova\u00e7\u00e3o, sustentabilidade e integra\u00e7\u00e3o no tecido urbano. Esta localiza\u00e7\u00e3o representa um passo importante no nosso plano de crescimento, refor\u00e7ando a proximidade \u00e0 cidade e \u00e0 sua din\u00e2mica, e ser\u00e1 uma oportunidade para estarmos presentes num dos contextos urbanos mais relevantes do pa\u00eds.\u201d<\/p>\n","protected":false},"excerpt":{"rendered":"A Mercadona assinou contrato para instalar uma nova loja no HOP \u2013 Heart of Porto, um espa\u00e7o comercial&hellip;\n","protected":false},"author":2,"featured_media":144902,"comment_status":"","ping_status":"","sticky":false,"template":"","format":"standard","meta":{"footnotes":""},"categories":[83],"tags":[88,89,90,32,33],"class_list":{"0":"post-144901","1":"post","2":"type-post","3":"status-publish","4":"format-standard","5":"has-post-thumbnail","7":"category-empresas","8":"tag-business","9":"tag-economy","10":"tag-empresas","11":"tag-portugal","12":"tag-pt"},"share_on_mastodon":{"url":"https:\/\/pubeurope.com\/@pt\/115517364876338382","error":""},"_links":{"self":[{"href":"https:\/\/www.europesays.com\/pt\/wp-json\/wp\/v2\/posts\/144901","targetHints":{"allow":["GET"]}}],"collection":[{"href":"https:\/\/www.europesays.com\/pt\/wp-json\/wp\/v2\/posts"}],"about":[{"href":"https:\/\/www.europesays.com\/pt\/wp-json\/wp\/v2\/types\/post"}],"author":[{"embeddable":true,"href":"https:\/\/www.europesays.com\/pt\/wp-json\/wp\/v2\/users\/2"}],"replies":[{"embeddable":true,"href":"https:\/\/www.europesays.com\/pt\/wp-json\/wp\/v2\/comments?post=144901"}],"version-history":[{"count":0,"href":"https:\/\/www.europesays.com\/pt\/wp-json\/wp\/v2\/posts\/144901\/revisions"}],"wp:featuredmedia":[{"embeddable":true,"href":"https:\/\/www.europesays.com\/pt\/wp-json\/wp\/v2\/media\/144902"}],"wp:attachment":[{"href":"https:\/\/www.europesays.com\/pt\/wp-json\/wp\/v2\/media?parent=144901"}],"wp:term":[{"taxonomy":"category","embeddable":true,"href":"https:\/\/www.europesays.com\/pt\/wp-json\/wp\/v2\/categories?post=144901"},{"taxonomy":"post_tag","embeddable":true,"href":"https:\/\/www.europesays.com\/pt\/wp-json\/wp\/v2\/tags?post=144901"}],"curies":[{"name":"wp","href":"https:\/\/api.w.org\/{rel}","templated":true}]}}