{"id":144905,"date":"2025-11-09T02:28:07","date_gmt":"2025-11-09T02:28:07","guid":{"rendered":"https:\/\/www.europesays.com\/pt\/144905\/"},"modified":"2025-11-09T02:28:07","modified_gmt":"2025-11-09T02:28:07","slug":"irene-ravache-desabafa-chorei-ao-expulsar-meu-filho-de-casa-celebridades","status":"publish","type":"post","link":"https:\/\/www.europesays.com\/pt\/144905\/","title":{"rendered":"Irene Ravache desabafa: &#8216;Chorei ao expulsar meu filho de casa&#8217; | Celebridades"},"content":{"rendered":"<p>Rio &#8211;\u00a0Irene Ravache recebeu Astrid Fontenelle em seu apartamento, em S\u00e3o Paulo, <a href=\"https:\/\/odia.ig.com.br\/diversao\/televisao\/2025\/11\/7159494-aos-81-anos-irene-ravache-fala-sobre-beleza-e-explica-por-que-nunca-fez-procedimentos-esteticos.html\" rel=\"nofollow noopener\" target=\"_blank\">para uma nova edi\u00e7\u00e3o do programa &#8220;Admir\u00e1veis Conselheiras&#8221;<\/a>, exibido pelo GNT nesta sexta-feira (7). No bate-papo, a atriz abordou temas como envelhecimento, sexualidade e as dificuldades que enfrentou ao lidar com a depend\u00eancia qu\u00edmica do filho mais velho.<\/p>\n<p>Casada desde 1971 com o jornalista Edison Paes, com quem tem um filho, Juliano, de 51 anos, Irene relembrou um epis\u00f3dio marcante da d\u00e9cada de 1990, quando precisou tomar uma decis\u00e3o dif\u00edcil sobre o primog\u00eanito, Hiram, de seu casamento anterior com Iram Dantas.<\/p>\n<p><strong>&#8220;Essa casa tem regras&#8221;<\/strong><\/p>\n<p>Durante a conversa, Irene contou que, na \u00e9poca, decidiu expulsar Hiram de casa por causa da depend\u00eancia qu\u00edmica. Ela disse que precisou impor limites para preservar a conviv\u00eancia familiar.<\/p>\n<p>&#8220;Eu disse assim para ele: \u2018olha, essa casa aqui sempre vai estar aberta para voc\u00ea. \u00c9 minha casa, \u00e9 a sua casa. Mas essa casa tem regras. Tem regras para um bem viver. Se voc\u00ea n\u00e3o pode se adaptar a essas regras\u2026\u2019 Ele foi&#8230; E a\u00ed sabe o que voc\u00ea faz? Voc\u00ea chora, voc\u00ea fica cheia de d\u00favida. Ser\u00e1 que larguei meu filho? Para quem? Para os marginais? A\u00ed liga para todos os amigos. Olha, se ele aparecer, abriga, d\u00e1 um abrigo.\u201d<\/p>\n<p>Hoje, Hiram, de 59 anos, trabalha como psic\u00f3logo e percorre o Brasil ministrando palestras para pessoas em recupera\u00e7\u00e3o. Muitas vezes, a m\u00e3e o acompanha nessas viagens.<\/p>\n<p>&#8220;Eu vou, Astrid. Porque \u00e9 o servir. Ent\u00e3o, e \u00e9 um pouco para devolver tamb\u00e9m o que eu recebi. Muito apoio. Muito apoio dos grupos que eu frequentava. E para passar para m\u00e3es&#8230; \u00c9 claro que tem pais tamb\u00e9m e tem filhos, n\u00e3o \u00e9? Pelo menos eu posso dar um depoimento, n\u00e3o \u00e9? Eu posso dizer, olha, tem uma luz aqui no final desse t\u00fanel. N\u00e3o desistam, n\u00e3o. \u00c9 poss\u00edvel&#8221;.<\/p>\n<p><strong>Sexo e casamento ap\u00f3s cinco d\u00e9cadas<\/strong><\/p>\n<p>Irene tamb\u00e9m falou sobre a intimidade no casamento de 54 anos com Edison Paes. Segundo ela, o desejo se transforma ao longo do tempo, e o casal aprendeu a viver outras formas de afeto e conex\u00e3o.<\/p>\n<p>&#8220;Ent\u00e3o, o sexo na terceira idade. Tem gente que faz, tem gente que n\u00e3o faz. Tem gente que sente falta, tem gente que n\u00e3o sente falta. S\u00e3o as coisas que eu leio. Eu acho imposs\u00edvel voc\u00ea ter, no meu caso, a mesma disposi\u00e7\u00e3o, a mesma vontade, o mesmo tes\u00e3o que voc\u00ea tinha antes. Agora eu tenho relatos de pessoas que n\u00e3o s\u00f3 fazem, como sentem muita falta&#8221;.<\/p>\n","protected":false},"excerpt":{"rendered":"Rio &#8211;\u00a0Irene Ravache recebeu Astrid Fontenelle em seu apartamento, em S\u00e3o Paulo, para uma nova edi\u00e7\u00e3o do programa&hellip;\n","protected":false},"author":2,"featured_media":144906,"comment_status":"","ping_status":"","sticky":false,"template":"","format":"standard","meta":{"footnotes":""},"categories":[145],"tags":[17201,6013,211,210,114,115,4346,30422,32,33],"class_list":{"0":"post-144905","1":"post","2":"type-post","3":"status-publish","4":"format-standard","5":"has-post-thumbnail","7":"category-celebridades","8":"tag-admiraveis-conselheiras","9":"tag-astrid-fontenelle","10":"tag-celebridades","11":"tag-celebrities","12":"tag-entertainment","13":"tag-entretenimento","14":"tag-gnt","15":"tag-irene-ravache","16":"tag-portugal","17":"tag-pt"},"share_on_mastodon":{"url":"https:\/\/pubeurope.com\/@pt\/115517384478475246","error":""},"_links":{"self":[{"href":"https:\/\/www.europesays.com\/pt\/wp-json\/wp\/v2\/posts\/144905","targetHints":{"allow":["GET"]}}],"collection":[{"href":"https:\/\/www.europesays.com\/pt\/wp-json\/wp\/v2\/posts"}],"about":[{"href":"https:\/\/www.europesays.com\/pt\/wp-json\/wp\/v2\/types\/post"}],"author":[{"embeddable":true,"href":"https:\/\/www.europesays.com\/pt\/wp-json\/wp\/v2\/users\/2"}],"replies":[{"embeddable":true,"href":"https:\/\/www.europesays.com\/pt\/wp-json\/wp\/v2\/comments?post=144905"}],"version-history":[{"count":0,"href":"https:\/\/www.europesays.com\/pt\/wp-json\/wp\/v2\/posts\/144905\/revisions"}],"wp:featuredmedia":[{"embeddable":true,"href":"https:\/\/www.europesays.com\/pt\/wp-json\/wp\/v2\/media\/144906"}],"wp:attachment":[{"href":"https:\/\/www.europesays.com\/pt\/wp-json\/wp\/v2\/media?parent=144905"}],"wp:term":[{"taxonomy":"category","embeddable":true,"href":"https:\/\/www.europesays.com\/pt\/wp-json\/wp\/v2\/categories?post=144905"},{"taxonomy":"post_tag","embeddable":true,"href":"https:\/\/www.europesays.com\/pt\/wp-json\/wp\/v2\/tags?post=144905"}],"curies":[{"name":"wp","href":"https:\/\/api.w.org\/{rel}","templated":true}]}}