{"id":144911,"date":"2025-11-09T02:37:06","date_gmt":"2025-11-09T02:37:06","guid":{"rendered":"https:\/\/www.europesays.com\/pt\/144911\/"},"modified":"2025-11-09T02:37:06","modified_gmt":"2025-11-09T02:37:06","slug":"a-chuva-de-meteoro-de-novembro-que-vai-iluminar-o-ceu-do-brasil","status":"publish","type":"post","link":"https:\/\/www.europesays.com\/pt\/144911\/","title":{"rendered":"A chuva de meteoro de novembro que vai iluminar o c\u00e9u do Brasil"},"content":{"rendered":"<p><strong>O espet\u00e1culo astron\u00f4mico mais esperado do m\u00eas est\u00e1 prestes a acontecer: a chuva de meteoro de novembro promete iluminar o c\u00e9u brasileiro.<\/strong> Com dezenas de estrelas cadentes por hora, o fen\u00f4meno poder\u00e1 ser visto a olho nu em diversas regi\u00f5es do pa\u00eds, especialmente em locais de pouca polui\u00e7\u00e3o luminosa.<\/p>\n<p>O que \u00e9 a chuva de meteoro e por que ela acontece<\/p>\n<p>As chuvas de meteoros ocorrem quando a Terra atravessa regi\u00f5es do espa\u00e7o repletas de fragmentos deixados por cometas. Ao entrarem na atmosfera, essas part\u00edculas se incendeiam, criando o brilho caracter\u00edstico das chamadas \u201cestrelas cadentes\u201d.<\/p>\n<p>Em novembro, o destaque \u00e9 a <strong>chuva de meteoro Le\u00f4nidas<\/strong>, que costuma ocorrer todos os anos, sendo uma das mais intensas e belas da temporada astron\u00f4mica.<\/p>\n<p>Leia tamb\u00e9m: \u201c<strong><a href=\"https:\/\/www.tupi.fm\/tecnologia\/como-limpar-o-celular-sem-danificar-a-tela-ou-o-sistema\/\" target=\"_blank\" rel=\"noreferrer noopener nofollow\">Como limpar o celular sem danificar a tela ou o sistema<\/a><\/strong>\u201c<\/p>\n<p>Quando ser\u00e1 a chuva de meteoro vis\u00edvel no Brasil<\/p>\n<p>O pico da chuva de meteoros Le\u00f4nidas est\u00e1 previsto para as madrugadas de <strong>17 e 18 de novembro<\/strong>, com melhor visibilidade entre <strong>2h e 5h da manh\u00e3<\/strong>. Nessa janela, \u00e9 poss\u00edvel observar at\u00e9 <strong>20 meteoros por hora<\/strong> em condi\u00e7\u00f5es ideais.<\/p>\n<p>Para ter a melhor experi\u00eancia, busque locais abertos, como praias, campos ou \u00e1reas rurais, e evite luzes artificiais. A observa\u00e7\u00e3o n\u00e3o requer equipamentos \u2014 basta paci\u00eancia e um pouco de escurid\u00e3o.<\/p>\n<p><img loading=\"lazy\" decoding=\"async\" width=\"1024\" height=\"576\" src=\"data:image\/svg+xml,%3Csvg%20xmlns=\" http:=\"\" alt=\"A chuva de meteoro de novembro que vai iluminar o c\u00e9u do Brasil\" class=\"wp-image-2198535\" data-lazy- data-lazy- data-lazy-src=\"https:\/\/www.europesays.com\/pt\/wp-content\/uploads\/2025\/11\/chuva-de-meteoro_1762389319852-1024x576.jpg\"\/>A chuva de meteoro de novembro promete uma exibi\u00e7\u00e3o de luzes inesquec\u00edvel para os apaixonados por astronomia. \u2013 Cr\u00e9ditos: depositphotos.com \/ Username_19230043369<\/p>\n<p>Quais s\u00e3o as melhores regi\u00f5es do Brasil para ver a chuva de meteoro<\/p>\n<p>O fen\u00f4meno poder\u00e1 ser observado em todo o territ\u00f3rio nacional, mas o Norte e o Nordeste tendem a ter o c\u00e9u mais limpo no per\u00edodo. No Sul e Sudeste, o ideal \u00e9 acompanhar a previs\u00e3o do tempo para garantir boa visibilidade.<\/p>\n<p>Entre os locais mais indicados para assistir \u00e0 <strong>chuva de meteoro<\/strong> est\u00e3o:<\/p>\n<ul class=\"wp-block-list\">\n<li><a href=\"https:\/\/pt.wikipedia.org\/wiki\/Parque_Nacional_da_Chapada_dos_Veadeiros\" target=\"_blank\" rel=\"noreferrer noopener nofollow\">Chapada dos Veadeiros<\/a> (GO).<\/li>\n<li>Len\u00e7\u00f3is Maranhenses (MA).<\/li>\n<li>Serra da Mantiqueira (MG\/SP).<\/li>\n<li>Interior do Piau\u00ed e Cear\u00e1.<\/li>\n<\/ul>\n<p>Como se preparar para observar a chuva de meteoro de novembro<\/p>\n<p>N\u00e3o \u00e9 necess\u00e1rio nenhum equipamento, mas algumas medidas tornam a experi\u00eancia mais confort\u00e1vel e proveitosa. A observa\u00e7\u00e3o depende principalmente de paci\u00eancia e de um ambiente escuro e silencioso.<\/p>\n<p>Leve cobertores, cadeiras e repelente, al\u00e9m de desligar lanternas e telas para permitir que os olhos se acostumem \u00e0 escurid\u00e3o. A adapta\u00e7\u00e3o visual leva cerca de 15 minutos.<\/p>\n<p>Por que vale a pena assistir \u00e0 chuva de meteoro de novembro<\/p>\n<p>Assistir a um evento como esse \u00e9 uma experi\u00eancia que mistura ci\u00eancia e contempla\u00e7\u00e3o. A chuva de meteoros \u00e9 uma oportunidade \u00fanica de se conectar com o universo e observar a grandiosidade da natureza em movimento.<\/p>\n<p>Al\u00e9m do espet\u00e1culo visual, o evento desperta curiosidade e fasc\u00ednio, inspirando novas gera\u00e7\u00f5es de apaixonados por astronomia. Neste novembro, olhe para o c\u00e9u e aproveite o brilho m\u00e1gico da <strong>chuva de meteoro<\/strong>.<\/p>\n","protected":false},"excerpt":{"rendered":"O espet\u00e1culo astron\u00f4mico mais esperado do m\u00eas est\u00e1 prestes a acontecer: a chuva de meteoro de novembro promete&hellip;\n","protected":false},"author":2,"featured_media":144912,"comment_status":"","ping_status":"","sticky":false,"template":"","format":"standard","meta":{"footnotes":""},"categories":[84],"tags":[726,7480,2139,109,107,108,31815,3396,25078,32,33,2145,105,103,104,106,110,24294,24285],"class_list":{"0":"post-144911","1":"post","2":"type-post","3":"status-publish","4":"format-standard","5":"has-post-thumbnail","7":"category-ciencia-e-tecnologia","8":"tag-brasil","9":"tag-c","10":"tag-chuva","11":"tag-ciencia","12":"tag-ciencia-e-tecnologia","13":"tag-cienciaetecnologia","14":"tag-iluminar","15":"tag-meteoro","16":"tag-novembro","17":"tag-portugal","18":"tag-pt","19":"tag-que","20":"tag-science","21":"tag-science-and-technology","22":"tag-scienceandtechnology","23":"tag-technology","24":"tag-tecnologia","25":"tag-u","26":"tag-vai"},"share_on_mastodon":{"url":"https:\/\/pubeurope.com\/@pt\/115517419874416875","error":""},"_links":{"self":[{"href":"https:\/\/www.europesays.com\/pt\/wp-json\/wp\/v2\/posts\/144911","targetHints":{"allow":["GET"]}}],"collection":[{"href":"https:\/\/www.europesays.com\/pt\/wp-json\/wp\/v2\/posts"}],"about":[{"href":"https:\/\/www.europesays.com\/pt\/wp-json\/wp\/v2\/types\/post"}],"author":[{"embeddable":true,"href":"https:\/\/www.europesays.com\/pt\/wp-json\/wp\/v2\/users\/2"}],"replies":[{"embeddable":true,"href":"https:\/\/www.europesays.com\/pt\/wp-json\/wp\/v2\/comments?post=144911"}],"version-history":[{"count":0,"href":"https:\/\/www.europesays.com\/pt\/wp-json\/wp\/v2\/posts\/144911\/revisions"}],"wp:featuredmedia":[{"embeddable":true,"href":"https:\/\/www.europesays.com\/pt\/wp-json\/wp\/v2\/media\/144912"}],"wp:attachment":[{"href":"https:\/\/www.europesays.com\/pt\/wp-json\/wp\/v2\/media?parent=144911"}],"wp:term":[{"taxonomy":"category","embeddable":true,"href":"https:\/\/www.europesays.com\/pt\/wp-json\/wp\/v2\/categories?post=144911"},{"taxonomy":"post_tag","embeddable":true,"href":"https:\/\/www.europesays.com\/pt\/wp-json\/wp\/v2\/tags?post=144911"}],"curies":[{"name":"wp","href":"https:\/\/api.w.org\/{rel}","templated":true}]}}