{"id":144915,"date":"2025-11-09T02:42:09","date_gmt":"2025-11-09T02:42:09","guid":{"rendered":"https:\/\/www.europesays.com\/pt\/144915\/"},"modified":"2025-11-09T02:42:09","modified_gmt":"2025-11-09T02:42:09","slug":"casa-dos-segredos-condenado-dylan-perdeu-processo-judicial-e-e-obrigado-a-pagar-milhares-de-euros","status":"publish","type":"post","link":"https:\/\/www.europesays.com\/pt\/144915\/","title":{"rendered":"Casa dos Segredos &#8211; Condenado! Dylan perdeu processo judicial e \u00e9 obrigado a pagar milhares de euros"},"content":{"rendered":"<p><strong>Dylan Fonte<\/strong> para al\u00e9m de estar no centro da <a href=\"https:\/\/www.novagente.pt\/casa-dos-segredos-ines-termina-namoro-beija-dylan-reacao-da-voz-surpreendente\" rel=\"nofollow noopener\" target=\"_blank\">pol\u00e9mica<\/a> dentro da <strong>Casa dos Segredos<\/strong>, tamb\u00e9m enfrenta processos judiciais no exterior.<\/p>\n<p>\u00c0 conversa com alguns colegas, o concorrente admitiu que est\u00e1 a ser <strong>acusado de\u00a0ter vendido um carro avariado<\/strong>.<\/p>\n<p><strong>\u201cVendi o meu carro, o meu BMW M4, o gajo levou o carro e passado meia-hora disse-me que o carro estava avariado\u201d<\/strong>, come\u00e7ou por contar e continuou: <strong>\u201cEu disse para ele trazer o carro de volta, ele disse que n\u00e3o trazia, que ia levar a uma oficina para ver, levou a uma oficina e disse que tinha um problema nos turbos\u201d.<\/strong><\/p>\n<p>O nortenho concordou em pagar-lhe o arranjo dos turbos, \u201cque eram 4 mil euros\u201d, mas o cliente \u201cdisse que n\u00e3o queria\u201d. <strong>\u201cQueria devolver o carro. Eu disse-lhe \u2018agora n\u00e3o aceito o carro porque j\u00e1 mexeste nele e eu n\u00e3o sei se tiraste pe\u00e7as\u2019\u201d<\/strong>, admitiu.<\/p>\n<blockquote>\n<p><strong>Leia tamb\u00e9m: Casa dos Segredos &#8211; <\/strong><a href=\"https:\/\/www.novagente.pt\/casa-dos-segredos-lidia-revela-que-dylan-tem-outro-segredo-aconteceu-ha-pouco-tempo\" rel=\"nofollow noopener\" target=\"_blank\">L\u00eddia revela que Dylan &#8216;tem&#8217; outro segredo: &#8220;Aconteceu h\u00e1 pouco tempo&#8221;<\/a><\/p>\n<\/blockquote>\n<p>Dias depois, recebeu uma carta do tribunal em casa. <strong>\u201cApareceu-me um processo de tribunal, ele a exigir 15 mil euros, que tinha mudado o motor do carro. Eu disse que n\u00e3o pagava, fui a tribunal, perdi e j\u00e1 vai em 25 mil euros com as indemniza\u00e7\u00f5es porque foi provado que, supostamente, eu lhe tinha vendido o carro estragado, mas \u00e9 tudo treta. Agora, meti recurso\u201d<\/strong>, revelou o desfecho.<\/p>\n<p>\u00a0<\/p>\n<p>Texto: Carolina Charrua; Fotos: Redes sociais<\/p>\n<p class=\"intagram-text\">Siga a Nova Gente no Instagram<\/p>\n<p>                        <a href=\"https:\/\/www.instagram.com\/revistanovagente\/\" target=\"_blank\" aria-label=\"instagram\" rel=\"noopener nofollow\"><img decoding=\"async\" style=\"display: block; margin-left: auto; margin-right: auto; width: 250px; height: 83px;\" src=\"https:\/\/www.europesays.com\/pt\/wp-content\/uploads\/2025\/11\/Instagram_NG.png\" alt=\"instagram\"\/><\/a><br \/>\n                    <script async src=\"\/\/www.instagram.com\/embed.js\"><\/script><\/p>\n","protected":false},"excerpt":{"rendered":"Dylan Fonte para al\u00e9m de estar no centro da pol\u00e9mica dentro da Casa dos Segredos, tamb\u00e9m enfrenta processos&hellip;\n","protected":false},"author":2,"featured_media":144916,"comment_status":"","ping_status":"","sticky":false,"template":"","format":"standard","meta":{"footnotes":""},"categories":[145],"tags":[3981,2632,211,210,8286,19105,114,115,32,33,1315,299,162],"class_list":{"0":"post-144915","1":"post","2":"type-post","3":"status-publish","4":"format-standard","5":"has-post-thumbnail","7":"category-celebridades","8":"tag-carro","9":"tag-casa-dos-segredos","10":"tag-celebridades","11":"tag-celebrities","12":"tag-condenacao","13":"tag-dylan","14":"tag-entertainment","15":"tag-entretenimento","16":"tag-portugal","17":"tag-pt","18":"tag-secret-story","19":"tag-tribunal","20":"tag-tvi"},"share_on_mastodon":{"url":"https:\/\/pubeurope.com\/@pt\/115517439629683402","error":""},"_links":{"self":[{"href":"https:\/\/www.europesays.com\/pt\/wp-json\/wp\/v2\/posts\/144915","targetHints":{"allow":["GET"]}}],"collection":[{"href":"https:\/\/www.europesays.com\/pt\/wp-json\/wp\/v2\/posts"}],"about":[{"href":"https:\/\/www.europesays.com\/pt\/wp-json\/wp\/v2\/types\/post"}],"author":[{"embeddable":true,"href":"https:\/\/www.europesays.com\/pt\/wp-json\/wp\/v2\/users\/2"}],"replies":[{"embeddable":true,"href":"https:\/\/www.europesays.com\/pt\/wp-json\/wp\/v2\/comments?post=144915"}],"version-history":[{"count":0,"href":"https:\/\/www.europesays.com\/pt\/wp-json\/wp\/v2\/posts\/144915\/revisions"}],"wp:featuredmedia":[{"embeddable":true,"href":"https:\/\/www.europesays.com\/pt\/wp-json\/wp\/v2\/media\/144916"}],"wp:attachment":[{"href":"https:\/\/www.europesays.com\/pt\/wp-json\/wp\/v2\/media?parent=144915"}],"wp:term":[{"taxonomy":"category","embeddable":true,"href":"https:\/\/www.europesays.com\/pt\/wp-json\/wp\/v2\/categories?post=144915"},{"taxonomy":"post_tag","embeddable":true,"href":"https:\/\/www.europesays.com\/pt\/wp-json\/wp\/v2\/tags?post=144915"}],"curies":[{"name":"wp","href":"https:\/\/api.w.org\/{rel}","templated":true}]}}