{"id":14492,"date":"2025-08-03T17:45:11","date_gmt":"2025-08-03T17:45:11","guid":{"rendered":"https:\/\/www.europesays.com\/pt\/14492\/"},"modified":"2025-08-03T17:45:11","modified_gmt":"2025-08-03T17:45:11","slug":"eclipse-solar-mais-longo-do-seculo-sera-em-2027-e-trara-seis-minutos-de-escuridao","status":"publish","type":"post","link":"https:\/\/www.europesays.com\/pt\/14492\/","title":{"rendered":"Eclipse solar mais longo do s\u00e9culo ser\u00e1 em 2027 e trar\u00e1 seis minutos de escurid\u00e3o"},"content":{"rendered":"<p>O dia 2 de<br \/>\n    <a class=\"Link\" href=\"https:\/\/www.itatiaia.com.br\/brasil\/2023\/07\/11\/lei-estabelece-agosto-como-mes-da-primeira-infancia\" title=\"agosto\" rel=\"nofollow noopener\" target=\"_blank\">agosto<\/a> de 2027 ficar\u00e1 marcado por um<br \/>\n    <a class=\"Link\" href=\"https:\/\/www.itatiaia.com.br\/cultura-e-lazer\/bh-e-sabara-recebem-a-peca-teatral-azul-sobre-convivencia-com-pessoas-autistas\" title=\"espet\u00e1culo\" rel=\"nofollow noopener\" target=\"_blank\">espet\u00e1culo<\/a> raro no c\u00e9u: o<br \/>\n    <a class=\"Link\" href=\"https:\/\/www.itatiaia.com.br\/brasil\/2023\/10\/14\/por-que-nao-posso-assistir-eclipse-solar-a-olho-nu-oftalmologista-explica\" title=\"eclipse solar\" rel=\"nofollow noopener\" target=\"_blank\">eclipse solar<\/a> total mais longo do<br \/>\n    <a class=\"Link\" href=\"https:\/\/www.itatiaia.com.br\/entretenimento\/2024\/12\/03\/beyonce-e-eleita-a-maior-estrela-pop-do-seculo-xxi-pela-billboard\" title=\"s\u00e9culo XXI\" rel=\"nofollow noopener\" target=\"_blank\">s\u00e9culo XXI<\/a>. Com dura\u00e7\u00e3o m\u00e1xima de 6 minutos e 23 segundos, o<br \/>\n    <a class=\"Link\" href=\"https:\/\/www.itatiaia.com.br\/brasil\/2024\/03\/27\/o-que-e-eclipse-entenda-fenomeno-e-saiba-tipos\" title=\"fen\u00f4meno\" rel=\"nofollow noopener\" target=\"_blank\">fen\u00f4meno<\/a> poder\u00e1 ser observado em sua totalidade a partir de diversas regi\u00f5es da<br \/>\n    <a class=\"Link\" href=\"https:\/\/www.itatiaia.com.br\/mundo\/museu-de-auschwitz-lanca-ferramenta-contra-negacionismo-online\" title=\"Europa\" rel=\"nofollow noopener\" target=\"_blank\">Europa<\/a>, do norte da<br \/>\n    <a class=\"Link\" href=\"https:\/\/www.itatiaia.com.br\/agro\/2025\/05\/06\/na-africa-projeto-da-ufla-impulsiona-a-producao-de-algodao\" title=\"\u00c1frica\" rel=\"nofollow noopener\" target=\"_blank\">\u00c1frica<\/a> e do<br \/>\n    <a class=\"Link\" href=\"https:\/\/www.itatiaia.com.br\/mundo\/2023\/10\/15\/hamas-hezbollah-fatah-saiba-como-diferenciar-os-grupos-que-atuam-no-oriente-medio\" title=\"Oriente M\u00e9dio\" rel=\"nofollow noopener\" target=\"_blank\">Oriente M\u00e9dio<\/a>. Astr\u00f4nomos destacam que uma oportunidade semelhante n\u00e3o voltar\u00e1 a ocorrer at\u00e9 o ano de 2114.<\/p>\n<p>Al\u00e9m da longa dura\u00e7\u00e3o, o que torna esse eclipse t\u00e3o especial \u00e9 o fato de sua \u201ctrajet\u00f3ria de totalidade atravessar zonas densamente povoadas\u201d, como explica o site especializado Space.com. Isso permitir\u00e1 que milh\u00f5es de pessoas acompanhem o evento sem precisar viajar a locais remotos. O eclipse foi apelidado por especialistas como \u201co eclipse do s\u00e9culo\u201d.<\/p>\n<p>Segundo o The Economic Times, esse ser\u00e1 um dos eclipses solares mais duradouros dos tempos modernos &#8211; atr\u00e1s apenas do registrado em 11 de julho de 1991, que teve 7 minutos e 2 segundos de escurid\u00e3o e foi vis\u00edvel em partes do M\u00e9xico, Am\u00e9rica Central e Am\u00e9rica do Sul.<\/p>\n<p>    <a class=\"AnchorLink\" title=\"leia-tambem\" name=\"leia-tambem\"\/><\/p>\n<p>A faixa de totalidade cruzar\u00e1 cidades do sul da Espanha, incluindo C\u00e1diz e Tarifa, al\u00e9m de Gibraltar, e seguir\u00e1 por pa\u00edses do norte da \u00c1frica como Marrocos, Arg\u00e9lia, Tun\u00edsia, L\u00edbia e Egito. Regi\u00f5es do nordeste africano e do Oriente M\u00e9dio, como Sud\u00e3o, Ar\u00e1bia Saudita, I\u00eamen, Om\u00e3 e Som\u00e1lia, tamb\u00e9m ter\u00e3o vis\u00e3o privilegiada. Na \u00cdndia, o eclipse ser\u00e1 parcial.<\/p>\n<p>A localiza\u00e7\u00e3o geogr\u00e1fica dessas \u00e1reas, muitas com clima seco e c\u00e9u limpo durante o ver\u00e3o, aumenta as chances de observa\u00e7\u00e3o sem interfer\u00eancia de nuvens.<\/p>\n<p>Fake news<\/p>\n<p>Nos \u00faltimos meses, circularam boatos nas redes sociais de que o eclipse ocorreria em 2 de agosto de 2025. No entanto, ag\u00eancias como a NASA desmentiram essa informa\u00e7\u00e3o. \u201cEsse suposto eclipse de seis minutos em 2025 n\u00e3o est\u00e1 registrado em nenhum calend\u00e1rio astron\u00f4mico oficial. \u00c9 desinforma\u00e7\u00e3o\u201d, afirmaram representantes da ag\u00eancia. A data correta \u00e9 mesmo 2 de agosto de 2027.<\/p>\n<p>A pr\u00f3xima oportunidade de assistir a um eclipse com dura\u00e7\u00e3o semelhante ser\u00e1 apenas em 2114, quando est\u00e1 previsto um evento de 6 minutos e 32 segundos de escurid\u00e3o total. Por isso, especialistas recomendam que interessados j\u00e1 comecem a se preparar para vivenciar \u201cum dos espet\u00e1culos naturais mais impressionantes que a astronomia pode oferecer\u201d.<\/p>\n","protected":false},"excerpt":{"rendered":"O dia 2 de agosto de 2027 ficar\u00e1 marcado por um espet\u00e1culo raro no c\u00e9u: o eclipse solar&hellip;\n","protected":false},"author":2,"featured_media":14493,"comment_status":"","ping_status":"","sticky":false,"template":"","format":"standard","meta":{"footnotes":""},"categories":[84],"tags":[109,107,108,32,33,105,103,104,106,110],"class_list":{"0":"post-14492","1":"post","2":"type-post","3":"status-publish","4":"format-standard","5":"has-post-thumbnail","7":"category-ciencia-e-tecnologia","8":"tag-ciencia","9":"tag-ciencia-e-tecnologia","10":"tag-cienciaetecnologia","11":"tag-portugal","12":"tag-pt","13":"tag-science","14":"tag-science-and-technology","15":"tag-scienceandtechnology","16":"tag-technology","17":"tag-tecnologia"},"share_on_mastodon":{"url":"","error":""},"_links":{"self":[{"href":"https:\/\/www.europesays.com\/pt\/wp-json\/wp\/v2\/posts\/14492","targetHints":{"allow":["GET"]}}],"collection":[{"href":"https:\/\/www.europesays.com\/pt\/wp-json\/wp\/v2\/posts"}],"about":[{"href":"https:\/\/www.europesays.com\/pt\/wp-json\/wp\/v2\/types\/post"}],"author":[{"embeddable":true,"href":"https:\/\/www.europesays.com\/pt\/wp-json\/wp\/v2\/users\/2"}],"replies":[{"embeddable":true,"href":"https:\/\/www.europesays.com\/pt\/wp-json\/wp\/v2\/comments?post=14492"}],"version-history":[{"count":0,"href":"https:\/\/www.europesays.com\/pt\/wp-json\/wp\/v2\/posts\/14492\/revisions"}],"wp:featuredmedia":[{"embeddable":true,"href":"https:\/\/www.europesays.com\/pt\/wp-json\/wp\/v2\/media\/14493"}],"wp:attachment":[{"href":"https:\/\/www.europesays.com\/pt\/wp-json\/wp\/v2\/media?parent=14492"}],"wp:term":[{"taxonomy":"category","embeddable":true,"href":"https:\/\/www.europesays.com\/pt\/wp-json\/wp\/v2\/categories?post=14492"},{"taxonomy":"post_tag","embeddable":true,"href":"https:\/\/www.europesays.com\/pt\/wp-json\/wp\/v2\/tags?post=14492"}],"curies":[{"name":"wp","href":"https:\/\/api.w.org\/{rel}","templated":true}]}}