{"id":144923,"date":"2025-11-09T02:55:36","date_gmt":"2025-11-09T02:55:36","guid":{"rendered":"https:\/\/www.europesays.com\/pt\/144923\/"},"modified":"2025-11-09T02:55:36","modified_gmt":"2025-11-09T02:55:36","slug":"pode-um-vulcao-entrar-em-erupcao-nos-acores","status":"publish","type":"post","link":"https:\/\/www.europesays.com\/pt\/144923\/","title":{"rendered":"pode um vulc\u00e3o entrar em erup\u00e7\u00e3o nos A\u00e7ores?"},"content":{"rendered":"<p><strong>O <\/strong><a href=\"https:\/\/sicnoticias.pt\/pais\/2025-11-06-nivel-de-alerta-do-vulcao-de-santa-barbara-nos-acores-volta-a-subir-para-v3-1626c6a3\" target=\"_blank\" rel=\"noreferrer noopener nofollow\"><strong>n\u00edvel de alerta do vulc\u00e3o de Santa B\u00e1rbara, na ilha Terceira, nos A\u00e7ores, voltou, esta quinta-feira, a subir para V3<\/strong><\/a><strong>, classifica\u00e7\u00e3o que indica uma fase de reativa\u00e7\u00e3o do sistema vulc\u00e2nico e que j\u00e1 tinha sido registada no ver\u00e3o do ano passado.<\/strong><\/p>\n<p>A atividade s\u00edsmica no vulc\u00e3o de Santa B\u00e1rbara tem-se mantido acima dos valores normais de refer\u00eancia desde junho de 2022.<\/p>\n<p>No mesmo dia em que o n\u00edvel de alerta voltou a subir, a <a href=\"https:\/\/sicnoticias.pt\/pais\/2025-11-07-dois-sismos-com-intervalo-de-segundos-sentidos-na-ilha-terceira-nos-acores-404c08c3\" target=\"_blank\" rel=\"noreferrer noopener nofollow\">ilha Terceira registou tr\u00eas sismos<\/a> com magnitudes de 2.6, 3.8 e 3.6 (do mais antigo para o mais recente), de acordo com a informa\u00e7\u00e3o disponibilizada no site do <a href=\"https:\/\/www.ipma.pt\/pt\/geofisica\/sismicidade\/\" target=\"_blank\" rel=\"noreferrer noopener nofollow\">Instituto Portugu\u00eas do Mar e da Atmosfera (IPMA)<\/a> e no <a href=\"https:\/\/sismos.civisa.azores.gov.pt\/\" target=\"_blank\" rel=\"noreferrer noopener nofollow\">CIVISA &#8211; Monitoriza\u00e7\u00e3o Sismovulc\u00e2nica nos A\u00e7ores<\/a>.<\/p>\n<p>No entanto, nas \u00faltimas semanas tamb\u00e9m t\u00eam sido registados dezenas de sismos na regi\u00e3o. <\/p>\n<p>\t\t<img decoding=\"async\" src=\"https:\/\/www.europesays.com\/pt\/wp-content\/uploads\/2025\/11\/1762656936_626_thumbs.web.sapo.io\"  loading=\"true\"\/><\/p>\n<p>                        Reprodu\u00e7\u00e3o\/\/ Instituto de Investiga\u00e7\u00e3o em Vulcanologia e Avalia\u00e7\u00e3o de Riscos<\/p>\n<p>O que \u00e9 um alerta V3 e que tipos de alertas vulc\u00e2nicos existem?<\/p>\n<p>Segundo o <a href=\"https:\/\/www.civisa.pt\/cvs-escala-vulcnica\" target=\"_blank\" rel=\"noreferrer noopener nofollow\">CIVISA<\/a>, a <strong>escala de alertas vulc\u00e2nicos<\/strong> <strong>varia entre <\/strong><strong>V0 e V7<\/strong>:<\/p>\n<ul>\n<li value=\"1\"><strong>V0 &#8211; Sistema vulc\u00e2nico em fase de repouso (atividade normal)<\/strong><br \/>A atividade est\u00e1 dentro dos valores habituais de refer\u00eancia. Ainda assim, podem ocorrer sismos, altera\u00e7\u00f5es dos padr\u00f5es de desgaseifica\u00e7\u00e3o ou pequenas erup\u00e7\u00f5es submarinas sem sinais premonitores detet\u00e1veis pelas redes de monitoriza\u00e7\u00e3o existentes;<\/li>\n<li value=\"2\"><strong>V1 &#8211; Sistema vulc\u00e2nico em fase de equil\u00edbrio metaest\u00e1vel (atividade fraca)<\/strong><br \/>A atividade apresenta-se ligeiramente acima dos n\u00edveis de refer\u00eancia, podendo ter origem tect\u00f3nica, hidrotermal ou magm\u00e1tica. H\u00e1 possibilidade de aumento da sismicidade, mudan\u00e7as no padr\u00e3o de desgaseifica\u00e7\u00e3o, instabilidade de vertentes e explos\u00f5es de vapor;<\/li>\n<li value=\"3\"><strong>V2 &#8211; Sistema vulc\u00e2nico em fase de instabilidade (atividade moderada)<\/strong><br \/>A atividade est\u00e1 claramente acima dos valores normais de refer\u00eancia. A qualquer momento a atividade pode intensificar ao n\u00edvel da sismicidade, podendo tamb\u00e9m ocorrer explos\u00f5es de vapor, fluxos de lama (lahars) ou erup\u00e7\u00f5es submarinas e suba\u00e9reas;<\/li>\n<li value=\"4\"><strong>V3 &#8211; Sistema vulc\u00e2nico em fase de reativa\u00e7\u00e3o (atividade elevada)<\/strong><br \/>A atividade est\u00e1 significativamente acima do normal e h\u00e1 ind\u00edcios de influ\u00eancia magm\u00e1tica. Este n\u00edvel pode evoluir para uma fase pr\u00e9-eruptiva;<\/li>\n<li value=\"5\"><strong>V4 &#8211; Sistema vulc\u00e2nico em fase pr\u00e9-eruptiva (atividade muito elevada)<\/strong><br \/>Atividade a um n\u00edvel cr\u00edtico, em que existe uma possibilidade real de erup\u00e7\u00e3o. Podem ocorrer explos\u00f5es de vapor, fluxos de lama e outros fen\u00f3menos associados \u00e0 instabilidade do sistema;<\/li>\n<li value=\"6\"><strong>V5 &#8211; Erup\u00e7\u00e3o em curso (fraca a intensa)<\/strong><br \/>Corresponde a uma erup\u00e7\u00e3o magm\u00e1tica ou hidromagm\u00e1tica em curso, que pode variar entre efusiva, de tipo havaiano, com lava fluida e pouca explosividade (VEI 0), at\u00e9 explosiva, de intensidade fraca a intensa (VEI 1 a 3), com erup\u00e7\u00f5es capazes de gerar colunas de cinzas e fluxos pirocl\u00e1sticos;<\/li>\n<li value=\"7\"><strong>V6 &#8211; Erup\u00e7\u00e3o em curso (catastr\u00f3fica a catacl\u00edsmica)<\/strong><br \/>Erup\u00e7\u00e3o de elevada explosividade, com risco muito elevado e potencial destrutivo significativo;<\/li>\n<li value=\"8\"><strong>V7 &#8211; Erup\u00e7\u00e3o em curso (colossal a mega-colossal)<\/strong><br \/>Representa uma erup\u00e7\u00e3o extremamente explosiva e rara, com impacto de larga escala.<\/li>\n<\/ul>\n<p>O que levou \u00e0 subida do n\u00edvel de alerta e o que vai acontecer?<\/p>\n<p>A passagem do n\u00edvel de alerta do vulc\u00e3o de Santa B\u00e1rbara, na Ilha Terceira, de V2 para V3 n\u00e3o representa, na pr\u00e1tica, um risco imediato para a popula\u00e7\u00e3o. Trata-se sobretudo de uma decis\u00e3o protocolar do IVAR, que identificou nos \u00faltimos meses um aumento na frequ\u00eancia e intensidade dos sismos na regi\u00e3o.<\/p>\n<p>Com esta eleva\u00e7\u00e3o, o IVAR refor\u00e7a a necessidade de uma monitoriza\u00e7\u00e3o mais pr\u00f3xima da atividade vulc\u00e2nica, intensificando as miss\u00f5es na Ilha Terceira, atrav\u00e9s de recolhas de gases e de amostras de \u00e1gua nas imedia\u00e7\u00f5es do vulc\u00e3o, para avaliar de forma mais precisa o estado atual do sistema vulc\u00e2nico de Santa B\u00e1rbara.<\/p>\n<p>Quais os sinais de que uma erup\u00e7\u00e3o pode estar iminente?<\/p>\n<p>De acordo com o <a href=\"https:\/\/www.usgs.gov\/faqs\/how-can-we-tell-when-a-volcano-will-erupt\" target=\"_blank\" rel=\"noreferrer noopener nofollow\">Instituto de Estudos Geol\u00f3gicos dos Estados Unidos (USGS)<\/a>, a maioria dos vulc\u00f5es emite <strong>sinais de aviso antes de uma erup\u00e7\u00e3o<\/strong>. Entre os principais, destacam-se:<\/p>\n<ul>\n<li value=\"1\">Aumento da frequ\u00eancia e intensidade dos sismos sentidos na \u00e1rea;<\/li>\n<li value=\"2\">Deforma\u00e7\u00e3o do solo, ou seja, o ch\u00e3o inchando ou elevando, fissuras novas aparecerem ou inclina\u00e7\u00f5es detet\u00e1veis;<\/li>\n<li value=\"3\">Aumento da liberta\u00e7\u00e3o de gases ou vapor;<\/li>\n<li value=\"4\">Altera\u00e7\u00f5es t\u00e9rmicas, como o aumento da temperatura de solos;<\/li>\n<li value=\"5\">Mudan\u00e7as na composi\u00e7\u00e3o e nas propor\u00e7\u00f5es dos gases vulc\u00e2nicos libertados.<\/li>\n<\/ul>\n<p>O que fazer se um vulc\u00e3o entrar em erup\u00e7\u00e3o?<\/p>\n<p>Para o<a href=\"https:\/\/www.prociv.azores.gov.pt\/sensibilizacao\/riscos\/ver.php?id=3\" target=\"_blank\" rel=\"noreferrer noopener nofollow\"> Servi\u00e7o Regional de Prote\u00e7\u00e3o Civil e Bombeiros dos A\u00e7ores<\/a> \u00e9 fundamental haver prepara\u00e7\u00e3o tanto antes como durante uma erup\u00e7\u00e3o vulc\u00e2nica.<\/p>\n<p><strong>Antes:<\/strong><\/p>\n<ul>\n<li value=\"1\">Manter em reserva equipamentos essenciais, como r\u00e1dio port\u00e1til com pilhas, lanterna com pilhas sobressalentes, velas, f\u00f3sforos ou isqueiro;<\/li>\n<li value=\"2\">Preparar agasalhos, roupas extras, alimenta\u00e7\u00e3o para 48 a 72 horas e \u00e1gua pot\u00e1vel;<\/li>\n<li value=\"3\">Ter os documentos de identifica\u00e7\u00e3o e uma lista de objetos de valor para levar no caso de evacua\u00e7\u00e3o;<\/li>\n<li value=\"4\">Identificar os caminhos de evacua\u00e7\u00e3o r\u00e1pida, especialmente para fora de vales, ou para locais elevados e vis\u00edveis para poss\u00edvel salvamento a\u00e9reo.<\/li>\n<\/ul>\n<p><strong>Durante:<\/strong><\/p>\n<ul>\n<li value=\"1\">Manter a calma e ajudar os outros a manterem serenidade;<\/li>\n<li value=\"2\">Manter-se atualizado atrav\u00e9s do r\u00e1dio port\u00e1til ou meios oficiais;<\/li>\n<li value=\"3\">Seguir rigorosamente as diretrizes das autoridades com exatid\u00e3o;<\/li>\n<li value=\"4\">Estar preparado para a possibilidade de evacua\u00e7\u00e3o;<\/li>\n<li value=\"5\">Evitar visitar \u00e1reas afetadas pela erup\u00e7\u00e3o.<\/li>\n<\/ul>\n<p>Quantos vulc\u00f5es ativos h\u00e1 nos A\u00e7ores?<\/p>\n<p>Segundo a classifica\u00e7\u00e3o do Catalogue of the Active Volcanoes of the World (CAVW), \u00e9 considerado ativo qualquer vulc\u00e3o ou sistema vulc\u00e2nico que esteja em erup\u00e7\u00e3o ou que possua potencial para voltar a entrar em atividade, incluindo todos os que registaram erup\u00e7\u00f5es nos \u00faltimos 10 mil anos.<\/p>\n<p>Nos A\u00e7ores, est\u00e3o identificados<strong> 26 sistemas vulc\u00e2nicos ativos<\/strong>, dos quais<strong> oito s\u00e3o submarinos<\/strong>, l\u00ea-se no site do <a href=\"https:\/\/ivar.uac.pt\/vulcoes-ativos\" target=\"_blank\" rel=\"noreferrer noopener nofollow\">Instituto de Investiga\u00e7\u00e3o em Vulcanologia e Avalia\u00e7\u00e3o de Risco<\/a> <a href=\"https:\/\/ivar.uac.pt\/vulcoes-ativos\" target=\"_blank\" rel=\"noreferrer noopener nofollow\">(VARAR)<\/a>.<\/p>\n","protected":false},"excerpt":{"rendered":"O n\u00edvel de alerta do vulc\u00e3o de Santa B\u00e1rbara, na ilha Terceira, nos A\u00e7ores, voltou, esta quinta-feira, a&hellip;\n","protected":false},"author":2,"featured_media":144924,"comment_status":"","ping_status":"","sticky":false,"template":"","format":"standard","meta":{"footnotes":""},"categories":[10],"tags":[27,28,15,16,14,25,26,21,22,12,13,19,20,32,23,24,33,17,18,29,30,31],"class_list":{"0":"post-144923","1":"post","2":"type-post","3":"status-publish","4":"format-standard","5":"has-post-thumbnail","7":"category-portugal","8":"tag-breaking-news","9":"tag-breakingnews","10":"tag-featured-news","11":"tag-featurednews","12":"tag-headlines","13":"tag-latest-news","14":"tag-latestnews","15":"tag-main-news","16":"tag-mainnews","17":"tag-news","18":"tag-noticias","19":"tag-noticias-principais","20":"tag-noticiasprincipais","21":"tag-portugal","22":"tag-principais-noticias","23":"tag-principaisnoticias","24":"tag-pt","25":"tag-top-stories","26":"tag-topstories","27":"tag-ultimas","28":"tag-ultimas-noticias","29":"tag-ultimasnoticias"},"share_on_mastodon":{"url":"https:\/\/pubeurope.com\/@pt\/115517490805836468","error":""},"_links":{"self":[{"href":"https:\/\/www.europesays.com\/pt\/wp-json\/wp\/v2\/posts\/144923","targetHints":{"allow":["GET"]}}],"collection":[{"href":"https:\/\/www.europesays.com\/pt\/wp-json\/wp\/v2\/posts"}],"about":[{"href":"https:\/\/www.europesays.com\/pt\/wp-json\/wp\/v2\/types\/post"}],"author":[{"embeddable":true,"href":"https:\/\/www.europesays.com\/pt\/wp-json\/wp\/v2\/users\/2"}],"replies":[{"embeddable":true,"href":"https:\/\/www.europesays.com\/pt\/wp-json\/wp\/v2\/comments?post=144923"}],"version-history":[{"count":0,"href":"https:\/\/www.europesays.com\/pt\/wp-json\/wp\/v2\/posts\/144923\/revisions"}],"wp:featuredmedia":[{"embeddable":true,"href":"https:\/\/www.europesays.com\/pt\/wp-json\/wp\/v2\/media\/144924"}],"wp:attachment":[{"href":"https:\/\/www.europesays.com\/pt\/wp-json\/wp\/v2\/media?parent=144923"}],"wp:term":[{"taxonomy":"category","embeddable":true,"href":"https:\/\/www.europesays.com\/pt\/wp-json\/wp\/v2\/categories?post=144923"},{"taxonomy":"post_tag","embeddable":true,"href":"https:\/\/www.europesays.com\/pt\/wp-json\/wp\/v2\/tags?post=144923"}],"curies":[{"name":"wp","href":"https:\/\/api.w.org\/{rel}","templated":true}]}}