{"id":144939,"date":"2025-11-09T03:25:16","date_gmt":"2025-11-09T03:25:16","guid":{"rendered":"https:\/\/www.europesays.com\/pt\/144939\/"},"modified":"2025-11-09T03:25:16","modified_gmt":"2025-11-09T03:25:16","slug":"angelica-surge-com-look-estiloso-em-treino-com-luciano-huck","status":"publish","type":"post","link":"https:\/\/www.europesays.com\/pt\/144939\/","title":{"rendered":"Ang\u00e9lica surge com look estiloso em treino com Luciano Huck"},"content":{"rendered":"<p>Hoje tamb\u00e9m \u00e9 dia! <a href=\"https:\/\/caras.com.br\/tags\/angelica\" target=\"_blank\" rel=\"noopener nofollow\"><strong>Ang\u00e9lica<\/strong><\/a> usou as redes sociais neste s\u00e1bado, 8, para mostrar para os seguidores que ela e o marido, <a href=\"https:\/\/caras.com.br\/tags\/luciano-huck\" target=\"_blank\" rel=\"noopener nofollow\"><strong>Luciano Huck<\/strong><\/a>, tiraram um tempinho para cuidar da sa\u00fade.<\/p>\n<p>Na foto postada nos Stories, o casal aparece sorridente durante um treino na academia da mans\u00e3o deles, localizada no Rio de Janeiro. A apresentadora surgiu com o cabelo solto, sem maquiagem e usando um macac\u00e3o longo de oncinha.<\/p>\n<p>J\u00e1 o apresentador, optou por uma blusa e bermuda preta.\u00a0Na imagem, Huck est\u00e1 na bicicleta ergom\u00e9trica. \u201cE tamb\u00e9m teve\u2026 com amor\u201d, escreveu Ang\u00e9lica na legenda da publica\u00e7\u00e3o, acrescentando um emoji de cora\u00e7\u00e3o e marcando o amado.<\/p>\n<p>Vale lembrar que <a href=\"https:\/\/caras.com.br\/datas-especiais\/luciano-huck-se-declara-para-angelica-no-aniversario-de-casamento-so-melhora.phtml\" target=\"_blank\" rel=\"noopener nofollow\">Ang\u00e9lica e Luciano completaram 21 anos de casados<\/a> no dia 30 de outubro. Na ocasi\u00e3o, Huck recordou um v\u00eddeo ap\u00f3s a cerim\u00f4nia de casamento e se declarou para a esposa, com quem tem tr\u00eas filhos,\u00a0<strong>Joaquim<\/strong>, de 20 anos, <strong>Ben\u00edcio<\/strong>, de 18, e <strong>Eva<\/strong>, de 13.<\/p>\n<p>\u201cO exato momento que embarcamos \u2013 21 anos atr\u00e1s \u2013 na mais deliciosa e desafiadora aventura das nossas vidas. E, desde ent\u00e3o, cada dia tem sido um novo motivo pra celebrar. E s\u00f3 melhora. Que venham os pr\u00f3ximos 21 \u2014 com muito amor, boas risadas e super parceria. #30\/10 #aniversariodecasamento\u201d, disse ele.<\/p>\n<p><strong>Confira:\u00a0<\/strong><\/p>\n<p> <img loading=\"lazy\" decoding=\"async\" class=\"size-full wp-image-1028616 img-fluid lazy\" alt=\"Ang\u00e9lica e Luciano Huck na academia \" width=\"576\" height=\"871\" src=\"https:\/\/www.europesays.com\/pt\/wp-content\/uploads\/2025\/11\/angelica-e-luciano-huck-treinando.jpeg\"  \/>Ang\u00e9lica e Luciano Huck na academia \u2013 Foto: Instagram  <\/p>\n<p>Na \u00faltima segunda-feira, 3,\u00a0Ben\u00edcio, o segundo filho de Luciano Huck com Ang\u00e9lica, completou 18 anos e ganhou uma homenagem especial do pai.\u00a0Em seu perfil, o apresentador compartilhou uma sequ\u00eancia de fotos com o aniversariante e escreveu uma bela mensagem para o herdeiro.<\/p>\n<p>\u201cH\u00e1 exatos 18 anos, ele chegou pra somar \u2014 e multiplicar o amor na nossa fam\u00edlia. Meu parceiro de aventuras pelo mundo. Ponta firme, leal, amoroso, amigo dos amigos. De poucas e boas palavras, sorriso econ\u00f4mico \u2014 mas quando ri, ilumina o mundo. Do jiu-j\u00edtsu e do Flamengo, do surfe e do Maracan\u00e3. Nosso carioca da gema. Parab\u00e9ns, Beni. Te amo\u201d, declarou Huck na legenda.\u00a0<a href=\"https:\/\/caras.com.br\/datas-especiais\/luciano-huck-presta-homenagem-especial-no-aniversario-de-benicio-parceiro-de-aventuras.phtml\" target=\"_blank\" rel=\"noopener nofollow\"><strong>Veja!<\/strong><\/a><\/p>\n<p><strong>Leia tamb\u00e9m:<\/strong> <a href=\"https:\/\/caras.com.br\/atualidades\/mudaram-muito-rodrigo-faro-recria-foto-com-angelica-26-anos-depois.phtml\" target=\"_blank\" rel=\"noopener nofollow\">Mudaram muito? Rodrigo Faro recria foto com Ang\u00e9lica 26 anos depois<\/a><\/p>\n<p>        <a href=\"https:\/\/caras.com.br\/autor\/daniela-santos\" rel=\"nofollow noopener\" target=\"_blank\">&#13;<br \/>\n          <img loading=\"lazy\" decoding=\"async\" alt=\"Daniela Santos\" src=\"https:\/\/www.europesays.com\/pt\/wp-content\/uploads\/2025\/09\/1758949148_187_daniela-santos_sqmd.jpg\" class=\"avatar avatar-115 photo rounded-circle\" height=\"115\" width=\"115\"\/>        <\/a><\/p>\n<p><b>Daniela Santos<\/b> \u00e9 rep\u00f3rter do site CARAS. Formada em jornalismo pela FIAM FAAM, atua na \u00e1rea de celebridades e TV desde 2018<\/p>\n","protected":false},"excerpt":{"rendered":"Hoje tamb\u00e9m \u00e9 dia! Ang\u00e9lica usou as redes sociais neste s\u00e1bado, 8, para mostrar para os seguidores que&hellip;\n","protected":false},"author":2,"featured_media":144940,"comment_status":"","ping_status":"","sticky":false,"template":"","format":"standard","meta":{"footnotes":""},"categories":[145],"tags":[11587,13885,211,210,114,115,4319,2815,32,33,3592],"class_list":{"0":"post-144939","1":"post","2":"type-post","3":"status-publish","4":"format-standard","5":"has-post-thumbnail","7":"category-celebridades","8":"tag-academia","9":"tag-angelica","10":"tag-celebridades","11":"tag-celebrities","12":"tag-entertainment","13":"tag-entretenimento","14":"tag-look","15":"tag-luciano-huck","16":"tag-portugal","17":"tag-pt","18":"tag-treino"},"share_on_mastodon":{"url":"https:\/\/pubeurope.com\/@pt\/115517608807988807","error":""},"_links":{"self":[{"href":"https:\/\/www.europesays.com\/pt\/wp-json\/wp\/v2\/posts\/144939","targetHints":{"allow":["GET"]}}],"collection":[{"href":"https:\/\/www.europesays.com\/pt\/wp-json\/wp\/v2\/posts"}],"about":[{"href":"https:\/\/www.europesays.com\/pt\/wp-json\/wp\/v2\/types\/post"}],"author":[{"embeddable":true,"href":"https:\/\/www.europesays.com\/pt\/wp-json\/wp\/v2\/users\/2"}],"replies":[{"embeddable":true,"href":"https:\/\/www.europesays.com\/pt\/wp-json\/wp\/v2\/comments?post=144939"}],"version-history":[{"count":0,"href":"https:\/\/www.europesays.com\/pt\/wp-json\/wp\/v2\/posts\/144939\/revisions"}],"wp:featuredmedia":[{"embeddable":true,"href":"https:\/\/www.europesays.com\/pt\/wp-json\/wp\/v2\/media\/144940"}],"wp:attachment":[{"href":"https:\/\/www.europesays.com\/pt\/wp-json\/wp\/v2\/media?parent=144939"}],"wp:term":[{"taxonomy":"category","embeddable":true,"href":"https:\/\/www.europesays.com\/pt\/wp-json\/wp\/v2\/categories?post=144939"},{"taxonomy":"post_tag","embeddable":true,"href":"https:\/\/www.europesays.com\/pt\/wp-json\/wp\/v2\/tags?post=144939"}],"curies":[{"name":"wp","href":"https:\/\/api.w.org\/{rel}","templated":true}]}}