{"id":144943,"date":"2025-11-09T03:34:13","date_gmt":"2025-11-09T03:34:13","guid":{"rendered":"https:\/\/www.europesays.com\/pt\/144943\/"},"modified":"2025-11-09T03:34:13","modified_gmt":"2025-11-09T03:34:13","slug":"chuva-de-meteoro-de-novembro-vai-iluminar-o-ceu-do-brasil-veja-quando","status":"publish","type":"post","link":"https:\/\/www.europesays.com\/pt\/144943\/","title":{"rendered":"Chuva de meteoro de novembro vai iluminar o c\u00e9u do Brasil; veja quando"},"content":{"rendered":"<p class=\"texto\">O espet\u00e1culo astron\u00f4mico mais esperado do m\u00eas est\u00e1 prestes a acontecer: a chuva de meteoro de novembro promete iluminar o c\u00e9u brasileiro. Com dezenas de estrelas cadentes por hora, o fen\u00f4meno poder\u00e1 ser visto a olho nu em diversas regi\u00f5es do pa\u00eds, especialmente em locais de pouca polui\u00e7\u00e3o luminosa.<\/p>\n<p class=\"texto\">As chuvas de meteoros ocorrem quando a Terra atravessa regi\u00f5es do espa\u00e7o repletas de fragmentos deixados por cometas. Ao entrarem na atmosfera, essas part\u00edculas se incendeiam, criando o brilho caracter\u00edstico das chamadas &#8220;estrelas cadentes&#8221;.<\/p>\n<p class=\"texto\">Em novembro, o destaque \u00e9 a chuva de meteoro Le\u00f4nidas, que costuma ocorrer todos os anos, sendo uma das mais intensas e belas da temporada astron\u00f4mica.<\/p>\n<p>Quando ser\u00e1 a chuva de meteoro vis\u00edvel no Brasil<\/p>\n<p class=\"texto\">O pico da chuva de meteoros Le\u00f4nidas est\u00e1 previsto para as madrugadas de 17 e 18 de novembro, com melhor visibilidade entre 2h e 5h da manh\u00e3. Nessa janela, \u00e9 poss\u00edvel observar at\u00e9 20 meteoros por hora em condi\u00e7\u00f5es ideais.<\/p>\n<p class=\"texto\">Para ter a melhor experi\u00eancia, busque locais abertos, como praias, campos ou \u00e1reas rurais, e evite luzes artificiais. A observa\u00e7\u00e3o n\u00e3o requer equipamentos \u2014 basta paci\u00eancia e um pouco de escurid\u00e3o.<\/p>\n<p>\nQuais s\u00e3o as melhores regi\u00f5es do Brasil para ver a chuva de meteoro<\/p>\n<p class=\"texto\">O fen\u00f4meno poder\u00e1 ser observado em todo o territ\u00f3rio nacional, mas o Norte e o Nordeste tendem a ter o c\u00e9u mais limpo no per\u00edodo. No Sul e Sudeste, o ideal \u00e9 acompanhar a previs\u00e3o do tempo para garantir boa visibilidade.<\/p>\n<p class=\"texto\">Entre os locais mais indicados para assistir \u00e0 chuva de meteoro est\u00e3o:<\/p>\n<ul class=\"wp-block-list\">&#13;<\/p>\n<li>Chapada dos Veadeiros (GO).<\/li>\n<p>&#13;<\/p>\n<li>Len\u00e7\u00f3is Maranhenses (MA).<\/li>\n<p>&#13;<\/p>\n<li>Serra da Mantiqueira (MG\/SP).<\/li>\n<p>&#13;<\/p>\n<li>Interior do Piau\u00ed e Cear\u00e1.<\/li>\n<p>&#13;\n<\/ul>\n<p>Como se preparar para observar a chuva de meteoro de novembro<\/p>\n<p class=\"texto\">N\u00e3o \u00e9 necess\u00e1rio nenhum equipamento, mas algumas medidas tornam a experi\u00eancia mais confort\u00e1vel e proveitosa. A observa\u00e7\u00e3o depende principalmente de paci\u00eancia e de um ambiente escuro e silencioso.<\/p>\n<p class=\"texto\">Leve cobertores, cadeiras e repelente, al\u00e9m de desligar lanternas e telas para permitir que os olhos se acostumem \u00e0 escurid\u00e3o. A adapta\u00e7\u00e3o visual leva cerca de 15 minutos.<\/p>\n<p>&#13;<br \/>\n&#13;<\/p>\n<p>Por que vale a pena assistir \u00e0 chuva de meteoro de novembro<\/p>\n<p class=\"texto\">Assistir a um evento como esse \u00e9 uma experi\u00eancia que mistura ci\u00eancia e contempla\u00e7\u00e3o. A chuva de meteoros \u00e9 uma oportunidade \u00fanica de se conectar com o universo e observar a grandiosidade da natureza em movimento.<\/p>\n<p style=\"text-align: center;\"><strong><a href=\"https:\/\/whatsapp.com\/channel\/0029Va8e466AO7RPLL06EL2h\" target=\"_blank\" rel=\"nofollow noopener\">Siga nosso canal no WhatsApp e receba not\u00edcias relevantes para o seu dia<\/a><\/strong><\/p>\n<p class=\"texto\">Al\u00e9m do espet\u00e1culo visual, o evento desperta curiosidade e fasc\u00ednio, inspirando novas gera\u00e7\u00f5es de apaixonados por astronomia. Neste novembro, olhe para o c\u00e9u e aproveite o brilho m\u00e1gico da chuva de meteoro.<\/p>\n","protected":false},"excerpt":{"rendered":"O espet\u00e1culo astron\u00f4mico mais esperado do m\u00eas est\u00e1 prestes a acontecer: a chuva de meteoro de novembro promete&hellip;\n","protected":false},"author":2,"featured_media":144944,"comment_status":"","ping_status":"","sticky":false,"template":"","format":"standard","meta":{"footnotes":""},"categories":[84],"tags":[443,23409,31830,109,107,108,31831,32,33,105,103,104,106,110],"class_list":{"0":"post-144943","1":"post","2":"type-post","3":"status-publish","4":"format-standard","5":"has-post-thumbnail","7":"category-ciencia-e-tecnologia","8":"tag-astronomia","9":"tag-ceu-noturno","10":"tag-chuva-de-meteoro","11":"tag-ciencia","12":"tag-ciencia-e-tecnologia","13":"tag-cienciaetecnologia","14":"tag-fenomenos-astronomicos","15":"tag-portugal","16":"tag-pt","17":"tag-science","18":"tag-science-and-technology","19":"tag-scienceandtechnology","20":"tag-technology","21":"tag-tecnologia"},"share_on_mastodon":{"url":"https:\/\/pubeurope.com\/@pt\/115517644039142464","error":""},"_links":{"self":[{"href":"https:\/\/www.europesays.com\/pt\/wp-json\/wp\/v2\/posts\/144943","targetHints":{"allow":["GET"]}}],"collection":[{"href":"https:\/\/www.europesays.com\/pt\/wp-json\/wp\/v2\/posts"}],"about":[{"href":"https:\/\/www.europesays.com\/pt\/wp-json\/wp\/v2\/types\/post"}],"author":[{"embeddable":true,"href":"https:\/\/www.europesays.com\/pt\/wp-json\/wp\/v2\/users\/2"}],"replies":[{"embeddable":true,"href":"https:\/\/www.europesays.com\/pt\/wp-json\/wp\/v2\/comments?post=144943"}],"version-history":[{"count":0,"href":"https:\/\/www.europesays.com\/pt\/wp-json\/wp\/v2\/posts\/144943\/revisions"}],"wp:featuredmedia":[{"embeddable":true,"href":"https:\/\/www.europesays.com\/pt\/wp-json\/wp\/v2\/media\/144944"}],"wp:attachment":[{"href":"https:\/\/www.europesays.com\/pt\/wp-json\/wp\/v2\/media?parent=144943"}],"wp:term":[{"taxonomy":"category","embeddable":true,"href":"https:\/\/www.europesays.com\/pt\/wp-json\/wp\/v2\/categories?post=144943"},{"taxonomy":"post_tag","embeddable":true,"href":"https:\/\/www.europesays.com\/pt\/wp-json\/wp\/v2\/tags?post=144943"}],"curies":[{"name":"wp","href":"https:\/\/api.w.org\/{rel}","templated":true}]}}