{"id":144953,"date":"2025-11-09T03:53:08","date_gmt":"2025-11-09T03:53:08","guid":{"rendered":"https:\/\/www.europesays.com\/pt\/144953\/"},"modified":"2025-11-09T03:53:08","modified_gmt":"2025-11-09T03:53:08","slug":"o-encontro-de-leao-xiv-com-robert-de-niro-e-um-prazer-conhece-lo","status":"publish","type":"post","link":"https:\/\/www.europesays.com\/pt\/144953\/","title":{"rendered":"O encontro de Le\u00e3o XIV com Robert De Niro: &#8220;\u00c9 um prazer conhec\u00ea-lo!&#8221;"},"content":{"rendered":"<p>O astro de centenas de filmes passou 48 horas em Roma, onde recebeu a Ordem do Lobo Capitolino das m\u00e3os do prefeito Gualtieri. Na manh\u00e3 desta sexta-feira, o ator fez uma parada no Vaticano e encontrou-se com Le\u00e3o XIV, com quem esteve por alguns minutos. O Pont\u00edfice presenteou-o com um Ter\u00e7o.<\/p>\n<p><b>Salvatore Cernuzio \u2013 Cidade do Vaticano<\/b><\/p>\n<p>Antes de mais nada, as risadas. Um riso que brota espont\u00e2neo por estar diante de um rosto visto e revisto centenas de vezes em telas e revistas, e agora encontr\u00e1-lo pessoalmente. Depois, a sauda\u00e7\u00e3o, com o Papa dizendo por primeiro: &#8220;Bom dia! \u00c9 um prazer conhec\u00ea-lo!&#8221; &#8220;Da mesma fora&#8221;, responde Robert De Niro, recebido por Le\u00e3o XIV no Vaticano. A breve audi\u00eancia teve lugar na manh\u00e3 desta sexta-feira na Sala do Tronetto do Pal\u00e1cio Apost\u00f3lico, em meio \u00e0 agenda lotada do Pont\u00edfice.<\/p>\n<p>A audi\u00eancia no Vaticano<br \/>\n\u00a0 <\/p>\n<p>O famoso ator estadunidense de origem italiana, de 82 anos, duas vezes vencedor do Oscar, desejava concluir sua visita de 48 horas a Roma com um aperto de m\u00e3os com seu compatriota, o Papa. Um Papa que, como contam muitos amigos de longa data em Chicago, adorava ir ao cinema. E assim o foi: na Sala do Tronetto, uma conversa em ingl\u00eas, uma foto com os cinco acompanhantes e, por fim, o presente de um Ter\u00e7o para cada um dos presentes.<\/p>\n<p>A homenagem em Roma<br \/>\n\u00a0 <\/p>\n<p>Para De Niro, uma imers\u00e3o na beleza art\u00edstica do Pal\u00e1cio Apost\u00f3lico do Vaticano, no dia seguinte ap\u00f3s ter vislumbrado da sacada do escrit\u00f3rio do prefeito Roberto Gualtieri no Monte Capitolino, a magnific\u00eancia dos F\u00f3runs Imperiais.<\/p>\n<p>&#8220;Roma \u00e9 mais do que uma cidade, \u00e9 uma obra de arte viva&#8221;, disse o ator ao prefeito, que lhe concedeu o Lobo Capitolino, a mais alta honraria de Roma. A estrela de filmes lend\u00e1rios \u2014 incluindo O Poderoso Chef\u00e3o, para o qual ele at\u00e9 estudou para aprender um sotaque siciliano \u2014 aceitou com emo\u00e7\u00e3o: &#8220;Ser homenageado aqui, em um lugar que deu tanto ao mundo da cultura, do cinema e da beleza, \u00e9 realmente emocionante&#8230;&#8221; Al\u00e9m disso, o ator acrescentou uma nota biogr\u00e1fica: &#8220;Minha fam\u00edlia tem ra\u00edzes na It\u00e1lia, ent\u00e3o este reconhecimento tem um significado pessoal para mim.&#8221;<\/p>\n<p>            Photogallery<\/p>\n<p>\n                    Le\u00e3o XIV com o ator Robert De Niro no Vaticano<\/p>\n","protected":false},"excerpt":{"rendered":"O astro de centenas de filmes passou 48 horas em Roma, onde recebeu a Ordem do Lobo Capitolino&hellip;\n","protected":false},"author":2,"featured_media":144954,"comment_status":"","ping_status":"","sticky":false,"template":"","format":"standard","meta":{"footnotes":""},"categories":[145],"tags":[805,211,210,470,114,115,233,811,32,33,5598],"class_list":{"0":"post-144953","1":"post","2":"type-post","3":"status-publish","4":"format-standard","5":"has-post-thumbnail","7":"category-celebridades","8":"tag-audiencias","9":"tag-celebridades","10":"tag-celebrities","11":"tag-cinema","12":"tag-entertainment","13":"tag-entretenimento","14":"tag-italia","15":"tag-papa-leao-xiv","16":"tag-portugal","17":"tag-pt","18":"tag-vaticano"},"share_on_mastodon":{"url":"https:\/\/pubeurope.com\/@pt\/115517718728920208","error":""},"_links":{"self":[{"href":"https:\/\/www.europesays.com\/pt\/wp-json\/wp\/v2\/posts\/144953","targetHints":{"allow":["GET"]}}],"collection":[{"href":"https:\/\/www.europesays.com\/pt\/wp-json\/wp\/v2\/posts"}],"about":[{"href":"https:\/\/www.europesays.com\/pt\/wp-json\/wp\/v2\/types\/post"}],"author":[{"embeddable":true,"href":"https:\/\/www.europesays.com\/pt\/wp-json\/wp\/v2\/users\/2"}],"replies":[{"embeddable":true,"href":"https:\/\/www.europesays.com\/pt\/wp-json\/wp\/v2\/comments?post=144953"}],"version-history":[{"count":0,"href":"https:\/\/www.europesays.com\/pt\/wp-json\/wp\/v2\/posts\/144953\/revisions"}],"wp:featuredmedia":[{"embeddable":true,"href":"https:\/\/www.europesays.com\/pt\/wp-json\/wp\/v2\/media\/144954"}],"wp:attachment":[{"href":"https:\/\/www.europesays.com\/pt\/wp-json\/wp\/v2\/media?parent=144953"}],"wp:term":[{"taxonomy":"category","embeddable":true,"href":"https:\/\/www.europesays.com\/pt\/wp-json\/wp\/v2\/categories?post=144953"},{"taxonomy":"post_tag","embeddable":true,"href":"https:\/\/www.europesays.com\/pt\/wp-json\/wp\/v2\/tags?post=144953"}],"curies":[{"name":"wp","href":"https:\/\/api.w.org\/{rel}","templated":true}]}}