{"id":144955,"date":"2025-11-09T03:56:16","date_gmt":"2025-11-09T03:56:16","guid":{"rendered":"https:\/\/www.europesays.com\/pt\/144955\/"},"modified":"2025-11-09T03:56:16","modified_gmt":"2025-11-09T03:56:16","slug":"altas-horas-deste-sabado-8-tera-whindersson-e-murilo-benicio-como-convidados-zoeira","status":"publish","type":"post","link":"https:\/\/www.europesays.com\/pt\/144955\/","title":{"rendered":"Altas Horas deste s\u00e1bado (8) ter\u00e1 Whindersson e Murilo Ben\u00edcio como convidados &#8211; Zoeira"},"content":{"rendered":"<p>O &#8220;Altas Horas&#8221; recebe, neste s\u00e1bado (8), <strong>nomes da m\u00fasica, dramaturgia e da televis\u00e3o<\/strong>. Whindersson Nunes, por exemplo, apresentar\u00e1 o novo projeto musical da carreira, enquanto Murilo Ben\u00edcio fala sobre o vil\u00e3o Santiago Ferette, novo personagem dele na nova &#8220;Tr\u00eas Gra\u00e7as&#8221;.<\/p>\n<p>Al\u00e9m da m\u00fasica, Whindersson ainda deve contar mais sobre como tem vivenciado o boxe e a \u00faltima experi\u00eancia durante a <strong>interna\u00e7\u00e3o em uma cl\u00ednica psiqui\u00e1trica<\/strong>.<\/p>\n<p>J\u00e1 <strong>Murilo deve discutir sobre a profiss\u00e3o de ator<\/strong>, assunto que tamb\u00e9m ter\u00e1 a participa\u00e7\u00e3o da atriz Isadora Cruz, confirmada na nova novela das 19h da TV Globo, &#8220;Cora\u00e7\u00e3o Acelerado&#8221;.<\/p>\n<p>\t\t\t\tVeja tamb\u00e9m<\/p>\n<p>A ex-BBB Thelma Assis tamb\u00e9m est\u00e1 entre os convidados, comentando sobre o quadro dela no programa &#8220;Encontro com Patr\u00edcia Poeta&#8221; e at\u00e9 sobre momentos marcantes vividos por ela na carreira como m\u00e9dica, outro destaque sobre profiss\u00f5es.<\/p>\n<p>O programa tamb\u00e9m recebe o grupo &#8220;Doce Encontro&#8221; no palco, comemorando 23 anos de carreira com sucessos como &#8220;Telegrama&#8221; e &#8220;T\u00f4 Te Filmando&#8221;.<\/p>\n<p><strong>Que horas come\u00e7a o Altas Horas deste s\u00e1bado (8)?\u00a0<\/strong><\/p>\n<p>O\u00a0<a href=\"https:\/\/diariodonordeste.verdesmares.com.br\/entretenimento\/zoeira\/altas-horas-deste-sabado-18-tera-odete-roitman-e-figuras-da-tv-e-musica-1.3700562\" style=\"color: rgb(0, 136, 204); text-decoration-line: none;\" rel=\"nofollow noopener\" target=\"_blank\"><strong>Altas Horas<\/strong><\/a>\u00a0come\u00e7a a partir das 22h25 (hor\u00e1rio de Bras\u00edlia) deste s\u00e1bado (8), tanto na TV Globo quanto na Globoplay.\u00a0<\/p>\n","protected":false},"excerpt":{"rendered":"O &#8220;Altas Horas&#8221; recebe, neste s\u00e1bado (8), nomes da m\u00fasica, dramaturgia e da televis\u00e3o. Whindersson Nunes, por exemplo,&hellip;\n","protected":false},"author":2,"featured_media":144956,"comment_status":"","ping_status":"","sticky":false,"template":"","format":"standard","meta":{"footnotes":""},"categories":[142],"tags":[2397,114,115,32,33,151],"class_list":{"0":"post-144955","1":"post","2":"type-post","3":"status-publish","4":"format-standard","5":"has-post-thumbnail","7":"category-tv","8":"tag-artes-cultura-e-entretenimento","9":"tag-entertainment","10":"tag-entretenimento","11":"tag-portugal","12":"tag-pt","13":"tag-tv"},"share_on_mastodon":{"url":"https:\/\/pubeurope.com\/@pt\/115517730538569079","error":""},"_links":{"self":[{"href":"https:\/\/www.europesays.com\/pt\/wp-json\/wp\/v2\/posts\/144955","targetHints":{"allow":["GET"]}}],"collection":[{"href":"https:\/\/www.europesays.com\/pt\/wp-json\/wp\/v2\/posts"}],"about":[{"href":"https:\/\/www.europesays.com\/pt\/wp-json\/wp\/v2\/types\/post"}],"author":[{"embeddable":true,"href":"https:\/\/www.europesays.com\/pt\/wp-json\/wp\/v2\/users\/2"}],"replies":[{"embeddable":true,"href":"https:\/\/www.europesays.com\/pt\/wp-json\/wp\/v2\/comments?post=144955"}],"version-history":[{"count":0,"href":"https:\/\/www.europesays.com\/pt\/wp-json\/wp\/v2\/posts\/144955\/revisions"}],"wp:featuredmedia":[{"embeddable":true,"href":"https:\/\/www.europesays.com\/pt\/wp-json\/wp\/v2\/media\/144956"}],"wp:attachment":[{"href":"https:\/\/www.europesays.com\/pt\/wp-json\/wp\/v2\/media?parent=144955"}],"wp:term":[{"taxonomy":"category","embeddable":true,"href":"https:\/\/www.europesays.com\/pt\/wp-json\/wp\/v2\/categories?post=144955"},{"taxonomy":"post_tag","embeddable":true,"href":"https:\/\/www.europesays.com\/pt\/wp-json\/wp\/v2\/tags?post=144955"}],"curies":[{"name":"wp","href":"https:\/\/api.w.org\/{rel}","templated":true}]}}