{"id":144960,"date":"2025-11-09T04:07:12","date_gmt":"2025-11-09T04:07:12","guid":{"rendered":"https:\/\/www.europesays.com\/pt\/144960\/"},"modified":"2025-11-09T04:07:12","modified_gmt":"2025-11-09T04:07:12","slug":"ingrid-guimaraes-e-monica-martelli-brilham-com-as-filhas-em-los-angeles","status":"publish","type":"post","link":"https:\/\/www.europesays.com\/pt\/144960\/","title":{"rendered":"Ingrid Guimar\u00e3es e M\u00f4nica Martelli brilham com as filhas em Los Angeles"},"content":{"rendered":"\n<p class=\" content-text__container theme-color-primary-first-letter\" data-track-category=\"Link no Texto\" data-track-links=\"\"> As atrizes <a class=\"\" href=\"https:\/\/oglobo.globo.com\/tudo-sobre\/personalidade\/ingrid-guimaraes\" rel=\"nofollow noopener\" target=\"_blank\">Ingrid Guimar\u00e3es<\/a> e <a class=\"\" href=\"https:\/\/oglobo.globo.com\/tudo-sobre\/personalidade\/monica-martelli\" rel=\"nofollow noopener\" target=\"_blank\">M\u00f4nica Martelli<\/a> transformaram uma viagem com as filhas adolescentes num roteiro entre divers\u00e3o, estilo e cinema internacional. Acompanhadas de Clara e J\u00falia, as duas amigas desembarcaram em Los Angeles, na Calif\u00f3rnia (EUA), para curtir momentos em fam\u00edlia e prestigiar um dos eventos mais aguardados da temporada: o destino incluiu a premi\u00e8re mundial da quinta temporada da s\u00e9rie &#8220;<a class=\"\" href=\"https:\/\/oglobo.globo.com\/tudo-sobre\/serie\/stranger-things\" rel=\"nofollow noopener\" target=\"_blank\">Stranger things<\/a>&#8220;, que aconteceu em Los Angeles na \u00faltima quinta-feira (6). <\/p>\n<ul class=\"content-unordered-list\">\n<li><strong>Ap\u00f3s rumores de ass\u00e9dio: <\/strong><a class=\"\" href=\"https:\/\/oglobo.globo.com\/cultura\/noticia\/2025\/11\/07\/millie-bobby-brown-e-david-harbour-posam-juntos-em-pre-estreia-de-stranger-things-5-apos-rumores-de-assedio.ghtml\" rel=\"nofollow noopener\" target=\"_blank\">Millie Bobby Brown e David Harbour posam juntos em pr\u00e9-estreia de &#8216;Stranger things 5&#8217;<\/a><\/li>\n<li><strong>&#8216;Trememb\u00e9&#8217;: <\/strong><a class=\"\" href=\"https:\/\/oglobo.globo.com\/cultura\/noticia\/2025\/11\/04\/tremembe-o-que-e-verdade-e-o-que-e-mentira-na-serie-do-prime-video.ghtml\" rel=\"nofollow noopener\" target=\"_blank\">O que \u00e9 verdade e o que \u00e9 mentira na s\u00e9rie do Prime Video<\/a><\/li>\n<\/ul>\n<p class=\" content-text__container \" data-track-category=\"Link no Texto\" data-track-links=\"\"> Entre confus\u00f5es na chegada \u2014 na pr\u00f3pria quinta, antes do evento, a dupla publicou um divertido v\u00eddeo de um &#8220;sufoco&#8221; no hotel, com M\u00f4nica n ch\u00e3o ap\u00f3s dar uma topada na cama e Ingrid confessando ter acontecido o mesmo com ela, em menos de 15 minutos \u2014, as quatro brilharam no tapete vermelho e aproveitaram para tietar o elenco da s\u00e9rie da Netflix. <\/p>\n<p>      <img decoding=\"async\" class=\"content-media__image\"  src=\"https:\/\/www.europesays.com\/pt\/wp-content\/uploads\/2025\/11\/whatsapp-image-2025-11-08-at-18.03.00-1-.jpeg\" alt=\"M\u00f4nica Martelli e Ingrid Guimar\u00e3es com as filhas na premi\u00e8re de 'Stranger things' \u2014 Foto: Reprodu\u00e7\u00e3o\/Instagram\" width=\"1079\" height=\"1346\" loading=\"lazy\"\/>  M\u00f4nica Martelli e Ingrid Guimar\u00e3es com as filhas na premi\u00e8re de &#8216;Stranger things&#8217; \u2014 Foto: Reprodu\u00e7\u00e3o\/Instagram       <\/p>\n<p class=\" content-text__container \" data-track-category=\"Link no Texto\" data-track-links=\"\"> &#8220;Fui eu que apresentei &#8216;Stranger things&#8217; pra Clara. Me apaixonei pelos personagens, pela est\u00e9tica, pela \u00e9poca. E foi a\u00ed que Millie Bobby Brown virou a crush l\u00e1 de casa. Anos depois estamos aqui em Los Angeles, para a premi\u00e8re da 5\u00aa e \u00faltima temporada. Teve choro, torcida, susto. Teve abra\u00e7o apertado na Eleven&#8221;, escreveu Ingrid em uma publica\u00e7\u00e3o no Instagram. J\u00e1 M\u00f4nica confessou que foi a filha, Julia, que introduziu a s\u00e9rie a ela, na &#8220;fase 1 da adolesc\u00eancia&#8221;, e contou que assistiram ao primeiro epis\u00f3dio da quinta temporada num tel\u00e3o gigante do Chinese Theatre, com todos os atores ao lado. <\/p>\n<p>      <img decoding=\"async\" class=\"content-media__image\"  src=\"https:\/\/www.europesays.com\/pt\/wp-content\/uploads\/2025\/11\/whatsapp-image-2025-11-08-at-18.03.00-3-.jpeg\" alt=\"Ingrid Guimar\u00e3es e Clara no evento \u2014 Foto: Reprodu\u00e7\u00e3o\" width=\"1079\" height=\"1346\" loading=\"lazy\"\/>  Ingrid Guimar\u00e3es e Clara no evento \u2014 Foto: Reprodu\u00e7\u00e3o        <\/p>\n<p class=\" content-text__container \" data-track-category=\"Link no Texto\" data-track-links=\"\"> Em seus stories no Instagram no dia seguinte, M\u00f4nica relatou um epis\u00f3dio engra\u00e7ado: enquanto posavam para fotos no tapete vermelho, foi abandonada por Ingrid, que avistou o ator Gaten Matarazzo (que interpreta o Dustin na s\u00e9rie) e correu para fazer uma foto dele com as meninas. &#8220;Eu ainda dei meu celular na m\u00e3o do Dustin, a nossa foto ficou ruim, mas a deles ficou \u00f3tima&#8221;, brincou Ingrid. <\/p>\n<p>      <img decoding=\"async\" class=\"content-media__image\"  src=\"https:\/\/www.europesays.com\/pt\/wp-content\/uploads\/2025\/11\/whatsapp-image-2025-11-08-at-18.02.59.jpeg\" alt=\"Ingrid Guimar\u00e3es foge de foto oficial parar tietar ator da s\u00e9rie \u2014 Foto: Reprodu\u00e7\u00e3o\/Instagram\" width=\"908\" height=\"1600\" loading=\"lazy\"\/>  Ingrid Guimar\u00e3es foge de foto oficial parar tietar ator da s\u00e9rie \u2014 Foto: Reprodu\u00e7\u00e3o\/Instagram          <img decoding=\"async\" class=\"content-media__image\"  src=\"https:\/\/www.europesays.com\/pt\/wp-content\/uploads\/2025\/11\/whatsapp-image-2025-11-08-at-18.03.02.jpeg\" alt=\"Julia e Clara, filhas de M\u00f4nica Martelli e Ingrid Guimar\u00e3es, com Gaten Matarazzo, o Dustin de 'Stranger things' \u2014 Foto: Reprodu\u00e7\u00e3o\/Instagram\" width=\"919\" height=\"1599\" loading=\"lazy\"\/>  Julia e Clara, filhas de M\u00f4nica Martelli e Ingrid Guimar\u00e3es, com Gaten Matarazzo, o Dustin de &#8216;Stranger things&#8217; \u2014 Foto: Reprodu\u00e7\u00e3o\/Instagram       <\/p>\n<p class=\" content-text__container \" data-track-category=\"Link no Texto\" data-track-links=\"\"> No s\u00e1bado (8), as quatro fizeram um passeio de bicicleta de Santa M\u00f4nica at\u00e9 Venice Beach. <\/p>\n","protected":false},"excerpt":{"rendered":"As atrizes Ingrid Guimar\u00e3es e M\u00f4nica Martelli transformaram uma viagem com as filhas adolescentes num roteiro entre divers\u00e3o,&hellip;\n","protected":false},"author":2,"featured_media":144961,"comment_status":"","ping_status":"","sticky":false,"template":"","format":"standard","meta":{"footnotes":""},"categories":[145],"tags":[211,210,114,115,21919,7621,716,32,33,1611],"class_list":{"0":"post-144960","1":"post","2":"type-post","3":"status-publish","4":"format-standard","5":"has-post-thumbnail","7":"category-celebridades","8":"tag-celebridades","9":"tag-celebrities","10":"tag-entertainment","11":"tag-entretenimento","12":"tag-ingrid-guimaraes","13":"tag-monica-martelli","14":"tag-netflix","15":"tag-portugal","16":"tag-pt","17":"tag-stranger-things"},"share_on_mastodon":{"url":"https:\/\/pubeurope.com\/@pt\/115517773981707424","error":""},"_links":{"self":[{"href":"https:\/\/www.europesays.com\/pt\/wp-json\/wp\/v2\/posts\/144960","targetHints":{"allow":["GET"]}}],"collection":[{"href":"https:\/\/www.europesays.com\/pt\/wp-json\/wp\/v2\/posts"}],"about":[{"href":"https:\/\/www.europesays.com\/pt\/wp-json\/wp\/v2\/types\/post"}],"author":[{"embeddable":true,"href":"https:\/\/www.europesays.com\/pt\/wp-json\/wp\/v2\/users\/2"}],"replies":[{"embeddable":true,"href":"https:\/\/www.europesays.com\/pt\/wp-json\/wp\/v2\/comments?post=144960"}],"version-history":[{"count":0,"href":"https:\/\/www.europesays.com\/pt\/wp-json\/wp\/v2\/posts\/144960\/revisions"}],"wp:featuredmedia":[{"embeddable":true,"href":"https:\/\/www.europesays.com\/pt\/wp-json\/wp\/v2\/media\/144961"}],"wp:attachment":[{"href":"https:\/\/www.europesays.com\/pt\/wp-json\/wp\/v2\/media?parent=144960"}],"wp:term":[{"taxonomy":"category","embeddable":true,"href":"https:\/\/www.europesays.com\/pt\/wp-json\/wp\/v2\/categories?post=144960"},{"taxonomy":"post_tag","embeddable":true,"href":"https:\/\/www.europesays.com\/pt\/wp-json\/wp\/v2\/tags?post=144960"}],"curies":[{"name":"wp","href":"https:\/\/api.w.org\/{rel}","templated":true}]}}