{"id":144962,"date":"2025-11-09T04:10:08","date_gmt":"2025-11-09T04:10:08","guid":{"rendered":"https:\/\/www.europesays.com\/pt\/144962\/"},"modified":"2025-11-09T04:10:08","modified_gmt":"2025-11-09T04:10:08","slug":"indireta-pedro-deixa-mensagem-misteriosa-sobre-ciumes-antes-de-entrar-no-secret-story-e-marisa-reagiu-secret-story","status":"publish","type":"post","link":"https:\/\/www.europesays.com\/pt\/144962\/","title":{"rendered":"Indireta? Pedro deixa mensagem misteriosa sobre ci\u00fames antes de entrar no Secret Story: e Marisa reagiu &#8211; Secret Story"},"content":{"rendered":"<p><strong>Pedro e Marisa t\u00eam dado muito que falar dentro do Secret Story 9.<\/strong> O casal tem ultrapassado v\u00e1rios altos e baixos, muito por causa dos ci\u00fames que ambos assumem ter. Mas, h\u00e1 cinco anos, o concorrente partilhou uma mensagem curiosa sobre esse mesmo tema: os ci\u00fames.\u00a0<\/p>\n<p>Na legenda de uma fotografia que publicou no Instagram, em que surge a beijar Marisa, Pedro escreveu: \u00abO homem tolo faz a sua mulher sentir ci\u00fame das outras mulheres. O homem s\u00e1bio faz as outras mulheres admirarem a sua\u00bb.<\/p>\n<p>Marisa reagiu \u00e0quela mesma frase: \u00abPor isso \u00e9 que te amo, meu amor\u00bb.\u00a0<\/p>\n<p><strong>Veja tudo aqui:<\/strong><\/p>\n","protected":false},"excerpt":{"rendered":"Pedro e Marisa t\u00eam dado muito que falar dentro do Secret Story 9. O casal tem ultrapassado v\u00e1rios&hellip;\n","protected":false},"author":2,"featured_media":144963,"comment_status":"","ping_status":"","sticky":false,"template":"","format":"standard","meta":{"footnotes":""},"categories":[142],"tags":[18706,24843,114,115,18705,19184,14646,32,33,151,18704],"class_list":{"0":"post-144962","1":"post","2":"type-post","3":"status-publish","4":"format-standard","5":"has-post-thumbnail","7":"category-tv","8":"tag-bastidores-secret-story","9":"tag-ciumes","10":"tag-entertainment","11":"tag-entretenimento","12":"tag-entrevistas-concorrentes-tvi","13":"tag-marisa","14":"tag-pedro","15":"tag-portugal","16":"tag-pt","17":"tag-tv","18":"tag-vida-fora-da-casa"},"share_on_mastodon":{"url":"https:\/\/pubeurope.com\/@pt\/115517785540041862","error":""},"_links":{"self":[{"href":"https:\/\/www.europesays.com\/pt\/wp-json\/wp\/v2\/posts\/144962","targetHints":{"allow":["GET"]}}],"collection":[{"href":"https:\/\/www.europesays.com\/pt\/wp-json\/wp\/v2\/posts"}],"about":[{"href":"https:\/\/www.europesays.com\/pt\/wp-json\/wp\/v2\/types\/post"}],"author":[{"embeddable":true,"href":"https:\/\/www.europesays.com\/pt\/wp-json\/wp\/v2\/users\/2"}],"replies":[{"embeddable":true,"href":"https:\/\/www.europesays.com\/pt\/wp-json\/wp\/v2\/comments?post=144962"}],"version-history":[{"count":0,"href":"https:\/\/www.europesays.com\/pt\/wp-json\/wp\/v2\/posts\/144962\/revisions"}],"wp:featuredmedia":[{"embeddable":true,"href":"https:\/\/www.europesays.com\/pt\/wp-json\/wp\/v2\/media\/144963"}],"wp:attachment":[{"href":"https:\/\/www.europesays.com\/pt\/wp-json\/wp\/v2\/media?parent=144962"}],"wp:term":[{"taxonomy":"category","embeddable":true,"href":"https:\/\/www.europesays.com\/pt\/wp-json\/wp\/v2\/categories?post=144962"},{"taxonomy":"post_tag","embeddable":true,"href":"https:\/\/www.europesays.com\/pt\/wp-json\/wp\/v2\/tags?post=144962"}],"curies":[{"name":"wp","href":"https:\/\/api.w.org\/{rel}","templated":true}]}}