{"id":144966,"date":"2025-11-09T04:14:09","date_gmt":"2025-11-09T04:14:09","guid":{"rendered":"https:\/\/www.europesays.com\/pt\/144966\/"},"modified":"2025-11-09T04:14:09","modified_gmt":"2025-11-09T04:14:09","slug":"pesquisa-de-medica-catanduvense-ressalta-vantagens-dos-probioticos","status":"publish","type":"post","link":"https:\/\/www.europesays.com\/pt\/144966\/","title":{"rendered":"Pesquisa de m\u00e9dica catanduvense ressalta vantagens dos probi\u00f3ticos"},"content":{"rendered":"<p>Estudo in\u00e9dito conduzido pela m\u00e9dica psiquiatra Marina Toscano, de Catanduva, doutoranda em Biotecnologia pela Uniara, em conjunto com a cientista Katia Sivieri, da Unesp e Uniara, revelou que a\u00a0suplementa\u00e7\u00e3o com probi\u00f3ticos\u00a0espec\u00edficos pode aliviar efeitos adversos causados por antidepressivos da classe de Inibidores Seletivos da Recapta\u00e7\u00e3o de Serotonina (ISRS).<\/p>\n<p>Esses medicamentos s\u00e3o comumente prescritos para casos de ansiedade e depress\u00e3o, mas seu uso prolongado pode afetar n\u00e3o apenas o equil\u00edbrio emocional, mas tamb\u00e9m a sa\u00fade intestinal.\u00a0<\/p>\n<p>Pesquisas mostram que os antidepressivos t\u00eam potencial antimicrobianos e podem causar disbiose, ou seja, desequil\u00edbrio entre bact\u00e9rias boas e bact\u00e9rias ruins no intestino, aumentando a permeabilidade dele e favorecendo um quadro inflamat\u00f3rio que pode chegar at\u00e9 o c\u00e9rebro.<\/p>\n<p>\u201cEssa combina\u00e7\u00e3o de probi\u00f3ticos se mostrou potencialmente \u00fatil para reverter esses efeitos e isso foi mostrado atrav\u00e9s dos experimentos realizados no Shime, o simulador do ecossistema microbiano intestinal humano. Esses experimentos demonstraram que a a\u00e7\u00e3o dos probi\u00f3ticos est\u00e1 relacionada a uma melhora do perfil microbiano\u201d, detalha a psiquiatra.<\/p>\n<p>Outros benef\u00edcios foram a produ\u00e7\u00e3o melhorada de \u00e1cidos graxos de cadeia curta &#8211; essenciais para manuten\u00e7\u00e3o da barreira intestinal e da barreira hemato encef\u00e1lica, a redu\u00e7\u00e3o de \u00edons de am\u00f4nia (que s\u00e3o ruins e neurot\u00f3xicos em excesso), e a melhora do Gaba, neurotransmissor inibit\u00f3rio e que contribui bastante para os estados de redu\u00e7\u00e3o de ansiedade.<\/p>\n<p>\u201cTamb\u00e9m foi demonstrado a redu\u00e7\u00e3o de agentes inflamat\u00f3rios do corpo, as citocinas. Entre outras coisas, elas favorecem a ocorr\u00eancia de inflama\u00e7\u00e3o dentro do c\u00e9rebro e aumento da forma\u00e7\u00e3o de subst\u00e2ncias neurot\u00f3xicas\u201d, complementa.<\/p>\n<p>A utiliza\u00e7\u00e3o do modelo Shime, embora se trate de um simulador, possibilita recriar fora do corpo as mesmas condi\u00e7\u00f5es que existem dentro do trato gastrointestinal &#8211; como pH, temperatura, tempo de passagem dos alimentos, tipo de dieta e presen\u00e7a de enzimas digestivas.<\/p>\n<p>Al\u00e9m disso, o equipamento \u00e9 colonizado com microbiota intestinal humana real. \u201cOu seja, as bact\u00e9rias que vivem ali vieram de amostras fecais de pessoas, o que permite observar o comportamento de um ecossistema intestinal completo, como se fosse um intestino vivo em miniatura\u201d, pontua Marina, projetando para uma etapa futura os estudos em humanos.<\/p>\n<p>Marina Toscano diz que alguns h\u00e1bitos ou mudan\u00e7as no estilo de vida ainda podem potencializar os efeitos positivos dos probi\u00f3ticos durante o tratamento com antidepressivos. Ela cita a alimenta\u00e7\u00e3o com fibras \u201cpr\u00e9-bi\u00f3ticas\u201d, hidrata\u00e7\u00e3o correta, menos ultraprocessados, evitar \u00e1lcool e \u201cbombas\u201d de a\u00e7\u00facar\/gordura de uma vez, ter sono razo\u00e1vel e praticar atividade f\u00edsica.<\/p>\n","protected":false},"excerpt":{"rendered":"Estudo in\u00e9dito conduzido pela m\u00e9dica psiquiatra Marina Toscano, de Catanduva, doutoranda em Biotecnologia pela Uniara, em conjunto com&hellip;\n","protected":false},"author":2,"featured_media":144967,"comment_status":"","ping_status":"","sticky":false,"template":"","format":"standard","meta":{"footnotes":""},"categories":[86],"tags":[5628,5626,5627,1300,116,2513,13,5629,5625,32,33,117],"class_list":{"0":"post-144966","1":"post","2":"type-post","3":"status-publish","4":"format-standard","5":"has-post-thumbnail","7":"category-saude","8":"tag-blog","9":"tag-catanduva","10":"tag-catanduva-e-regiao","11":"tag-cidade","12":"tag-health","13":"tag-jornal","14":"tag-noticias","15":"tag-novidades","16":"tag-o-regional","17":"tag-portugal","18":"tag-pt","19":"tag-saude"},"share_on_mastodon":{"url":"https:\/\/pubeurope.com\/@pt\/115517801345578193","error":""},"_links":{"self":[{"href":"https:\/\/www.europesays.com\/pt\/wp-json\/wp\/v2\/posts\/144966","targetHints":{"allow":["GET"]}}],"collection":[{"href":"https:\/\/www.europesays.com\/pt\/wp-json\/wp\/v2\/posts"}],"about":[{"href":"https:\/\/www.europesays.com\/pt\/wp-json\/wp\/v2\/types\/post"}],"author":[{"embeddable":true,"href":"https:\/\/www.europesays.com\/pt\/wp-json\/wp\/v2\/users\/2"}],"replies":[{"embeddable":true,"href":"https:\/\/www.europesays.com\/pt\/wp-json\/wp\/v2\/comments?post=144966"}],"version-history":[{"count":0,"href":"https:\/\/www.europesays.com\/pt\/wp-json\/wp\/v2\/posts\/144966\/revisions"}],"wp:featuredmedia":[{"embeddable":true,"href":"https:\/\/www.europesays.com\/pt\/wp-json\/wp\/v2\/media\/144967"}],"wp:attachment":[{"href":"https:\/\/www.europesays.com\/pt\/wp-json\/wp\/v2\/media?parent=144966"}],"wp:term":[{"taxonomy":"category","embeddable":true,"href":"https:\/\/www.europesays.com\/pt\/wp-json\/wp\/v2\/categories?post=144966"},{"taxonomy":"post_tag","embeddable":true,"href":"https:\/\/www.europesays.com\/pt\/wp-json\/wp\/v2\/tags?post=144966"}],"curies":[{"name":"wp","href":"https:\/\/api.w.org\/{rel}","templated":true}]}}