{"id":144987,"date":"2025-11-09T04:49:08","date_gmt":"2025-11-09T04:49:08","guid":{"rendered":"https:\/\/www.europesays.com\/pt\/144987\/"},"modified":"2025-11-09T04:49:08","modified_gmt":"2025-11-09T04:49:08","slug":"poliana-rocha-fala-sobre-decisao-de-trabalhar-na-empresa-de-leonardo-assumi","status":"publish","type":"post","link":"https:\/\/www.europesays.com\/pt\/144987\/","title":{"rendered":"Poliana Rocha fala sobre decis\u00e3o de trabalhar na empresa de Leonardo: &#8216;Assumi&#8217;"},"content":{"rendered":"<p>A esposa do cantor <strong>Leonardo<\/strong>, <a href=\"https:\/\/caras.com.br\/tags\/poliana-rocha\" target=\"_blank\" rel=\"noopener nofollow\"><strong>Poliana Rocha<\/strong><\/a>, abriu o jogo sobre como decidiu trabalhar na empresa do marido. Em sua rede social, a famosa abriu uma caixinha de perguntas e recebeu um questionamento sobre estar \u00e0 frente na Talism\u00e3.<\/p>\n<p>A m\u00e3e de <strong>Z\u00e9 Felipe<\/strong> explicou que o processo aconteceu de forma natural e que resolveu assumir o trabalho. Formada em Jornalismo, a influenciadora digital e empres\u00e1ria acabou n\u00e3o exercendo a profiss\u00e3o de forma\u00e7\u00e3o por se considerar mais t\u00edmida. Com o tempo, ela desenvolveu sua confian\u00e7a e atualmente n\u00e3o apenas atua na rede social como tamb\u00e9m na empresa do esposo.<\/p>\n<p>Sobre seu trabalho no neg\u00f3cio do sertanejo, ela contou: \u201cAssumi um novo desafio na empresa do meu marido, algo que aconteceu de forma natural, e tenho buscado dar o meu melhor a cada dia!\u201d.<\/p>\n<p>Ainda em seus stories, <a href=\"https:\/\/caras.com.br\/atualidades\/poliana-rocha-fala-sobre-nao-ter-visto-os-netos-apos-viajarem-com-virginia-para-madri.phtml\" rel=\"nofollow noopener\" target=\"_blank\">Poliana Rocha falou sobre ainda n\u00e3o ter encontrado os netos<\/a>, que estavam viajando com Virginia Fonseca em Madri, na Espanha. O trio, <strong>Maria Alice<\/strong>, <strong>Maria Flor<\/strong> e <strong>Jos\u00e9 Leonardo<\/strong>, foram com a m\u00e3e para fora do Brasil, onde ela foi encontrar seu novo namorado, o jogador de futebol <strong>Vini Jr<\/strong>.<\/p>\n<p>\t <img loading=\"lazy\" decoding=\"async\" class=\"size-full wp-image-1028614 img-fluid lazy\" alt=\"Poliana Rocha fala sobre trabalhar na empresa de Leonardo\" width=\"1080\" height=\"1814\" src=\"https:\/\/www.europesays.com\/pt\/wp-content\/uploads\/2025\/11\/poliana-rocha-sobre-trabalhar-empresa-leonardo.jpg\"  \/>Poliana Rocha fala sobre trabalhar na empresa de Leonardo \u2013 Foto: @poliana Poliana Rocha acompanhar Leonardo em pescaria ap\u00f3s anos <\/p>\n<p>A esposa do cantor <strong>Leonardo<\/strong>, a influenciadora digital <a href=\"https:\/\/caras.com.br\/atualidades\/poliana-rocha-fala-sobre-decisao-de-acompanhar-leonardo-em-pescaria-nunca-venho.phtml\" rel=\"nofollow noopener\" target=\"_blank\"><strong>Poliana Rocha<\/strong>, compartilhou recentemente como foi sua experi\u00eancia na pescaria com o cantor<\/a>. Ap\u00f3s anos sem acompanhar o amado em seu hobby favorito, a loira resolveu viajar para o Pantanal, no Mato Grosso, com ele, <strong>Z\u00e9 Felipe<\/strong> e <strong>Ana Castela<\/strong>.<\/p>\n<p>Ap\u00f3s um dia pescando no mesmo barco que ele, a empres\u00e1ria dividiu com seus seguidores como foi vivenciar os momentos em natureza com o famoso. Poliana Rocha contou que foi algo incr\u00edvel e que conseguir ter ainda mais intimidade.<\/p>\n<p>\u201cEu estou passando aqui para dividir uma experi\u00eancia com voc\u00eas, porque eu achei incr\u00edvel, toda vez o Leo vem para c\u00e1 pescar e eu nunca venho e dessa vez eu vim e tal e eu fui para canoa junto com ele pescarmos juntos. E eu achei uma experi\u00eancia \u00f3tima, porque assim, n\u00f3s ficamos seis horas na canoa e a gente dividiu tanta coisa, que tinha tanto tempo que a gente n\u00e3o conversava sabe, \u00e0s vezes aquela correria da rotina, a gente acaba deixando e a\u00ed s\u00f3 estava n\u00f3s dois e o pirangueiro, a\u00ed conversamos muito, n\u00f3s bebemos, n\u00f3s brincamos, n\u00f3s dividimos as emo\u00e7\u00f5es juntos, n\u00f3s rimos, ent\u00e3o foi uma experi\u00eancia incr\u00edvel\u201d, detalhou como foi.<\/p>\n<p>Para quem n\u00e3o acompanhou, na \u00e9poca, <a href=\"https:\/\/caras.com.br\/atualidades\/poliana-rocha-e-leonardo-usam-roupas-personalizadas-com-ana-castela-e-ze-felipe-para-pescarem.phtml\" rel=\"nofollow noopener\" target=\"_blank\">Poliana Rocha e Leonardo vestiram roupas personalizadas e combinando com Z\u00e9 Felipe e Ana Castela<\/a>. Os pais da Boiadeira tamb\u00e9m tiveram seus rostos estampados nas pe\u00e7as, mas n\u00e3o puderam comparecer.<\/p>\n<p>        <a href=\"https:\/\/caras.com.br\/autor\/nataly-paschoal\" rel=\"nofollow noopener\" target=\"_blank\">&#13;<br \/>\n          <img loading=\"lazy\" decoding=\"async\" alt=\"Nataly Paschoal\" src=\"https:\/\/www.europesays.com\/pt\/wp-content\/uploads\/2025\/09\/nataly-paschoal_sqmd.jpg\" class=\"avatar avatar-115 photo rounded-circle\" height=\"115\" width=\"115\"\/>        <\/a><\/p>\n<p><b>Nataly Paschoal <\/b>\u00e9 rep\u00f3rter de conte\u00fado do site CARAS. Formada em jornalismo pela Faculdade C\u00e1sper L\u00edbero, ela j\u00e1 passou por sites como Todateen, Sportlife e espnW. Escreve sobre celebridades, TV, reality show e novelas.<\/p>\n","protected":false},"excerpt":{"rendered":"A esposa do cantor Leonardo, Poliana Rocha, abriu o jogo sobre como decidiu trabalhar na empresa do marido.&hellip;\n","protected":false},"author":2,"featured_media":144988,"comment_status":"","ping_status":"","sticky":false,"template":"","format":"standard","meta":{"footnotes":""},"categories":[145],"tags":[211,210,114,115,31833,2159,5548,32,33],"class_list":{"0":"post-144987","1":"post","2":"type-post","3":"status-publish","4":"format-standard","5":"has-post-thumbnail","7":"category-celebridades","8":"tag-celebridades","9":"tag-celebrities","10":"tag-entertainment","11":"tag-entretenimento","12":"tag-esposa-leonardo","13":"tag-leonardo","14":"tag-poliana-rocha","15":"tag-portugal","16":"tag-pt"},"share_on_mastodon":{"url":"https:\/\/pubeurope.com\/@pt\/115517939158901378","error":""},"_links":{"self":[{"href":"https:\/\/www.europesays.com\/pt\/wp-json\/wp\/v2\/posts\/144987","targetHints":{"allow":["GET"]}}],"collection":[{"href":"https:\/\/www.europesays.com\/pt\/wp-json\/wp\/v2\/posts"}],"about":[{"href":"https:\/\/www.europesays.com\/pt\/wp-json\/wp\/v2\/types\/post"}],"author":[{"embeddable":true,"href":"https:\/\/www.europesays.com\/pt\/wp-json\/wp\/v2\/users\/2"}],"replies":[{"embeddable":true,"href":"https:\/\/www.europesays.com\/pt\/wp-json\/wp\/v2\/comments?post=144987"}],"version-history":[{"count":0,"href":"https:\/\/www.europesays.com\/pt\/wp-json\/wp\/v2\/posts\/144987\/revisions"}],"wp:featuredmedia":[{"embeddable":true,"href":"https:\/\/www.europesays.com\/pt\/wp-json\/wp\/v2\/media\/144988"}],"wp:attachment":[{"href":"https:\/\/www.europesays.com\/pt\/wp-json\/wp\/v2\/media?parent=144987"}],"wp:term":[{"taxonomy":"category","embeddable":true,"href":"https:\/\/www.europesays.com\/pt\/wp-json\/wp\/v2\/categories?post=144987"},{"taxonomy":"post_tag","embeddable":true,"href":"https:\/\/www.europesays.com\/pt\/wp-json\/wp\/v2\/tags?post=144987"}],"curies":[{"name":"wp","href":"https:\/\/api.w.org\/{rel}","templated":true}]}}