{"id":145005,"date":"2025-11-09T05:12:37","date_gmt":"2025-11-09T05:12:37","guid":{"rendered":"https:\/\/www.europesays.com\/pt\/145005\/"},"modified":"2025-11-09T05:12:37","modified_gmt":"2025-11-09T05:12:37","slug":"o-que-explica-seu-comportamento-incomum","status":"publish","type":"post","link":"https:\/\/www.europesays.com\/pt\/145005\/","title":{"rendered":"o que explica seu comportamento incomum"},"content":{"rendered":"<p class=\"texto\">O objeto interestelar <a target=\"_blank\" rel=\"noopener noreferrer nofollow\" href=\"https:\/\/www.em.com.br\/emfoco\/2025\/09\/15\/cometa-3i-atlas-vira-foco-de-estudos-novamente-com-composicao-estranha\/\"><strong>3I\/ATLAS<\/strong><\/a>, descoberto em julho desse ano, est\u00e1 desafiando as explica\u00e7\u00f5es dos astr\u00f4nomos ao apresentar um comportamento inesperado durante sua passagem pelo nosso Sistema Solar.<\/p>\n<p class=\"texto\">Identificado como um cometa, o corpo celeste mostrou uma acelera\u00e7\u00e3o incomum e uma misteriosa mudan\u00e7a de cor, levantando novas quest\u00f5es sobre sua verdadeira natureza e origem.<\/p>\n<p class=\"texto\">O que mais intriga os cientistas \u00e9 sua acelera\u00e7\u00e3o n\u00e3o gravitacional. Em outras palavras, o 3I\/ATLAS ganhou velocidade de uma forma que n\u00e3o pode ser explicada apenas pela atra\u00e7\u00e3o do Sol. Esse tipo de impulso \u00e9 comum em cometas, quando o calor solar vaporiza o gelo de sua superf\u00edcie, criando jatos de g\u00e1s que funcionam como propulsores naturais.<\/p>\n<p class=\"texto\">O comportamento do 3I\/ATLAS tem sido inconsistente: embora o Telesc\u00f3pio Espacial Hubble tenha observado um casulo de poeira em forma de l\u00e1grima ao redor de seu n\u00facleo gelado, imagens do in\u00edcio do m\u00eas passado mostraram uma fonte compacta de luz sem uma cauda comet\u00e1ria claramente definida.<\/p>\n<p class=\"texto\">Esse fen\u00f4meno pode ser explicado pelo aquecimento causado pelo Sol, que faz o 3I\/Atlas liberar g\u00e1s e poeira \u00e0 medida que se aproxima da estrela, formando uma cauda, o que n\u00e3o acontece quando o cometa se distancia do sol.<\/p>\n<p class=\"texto\">Para aumentar o mist\u00e9rio, observa\u00e7\u00f5es recentes revelaram caracter\u00edsticas incomuns: o objeto apareceu mais azulado durante seu peri\u00e9lio, embora inicialmente tivesse uma luz avermelhada.<\/p>\n<p class=\"texto\">Essa varia\u00e7\u00e3o se deve \u00e0 composi\u00e7\u00e3o qu\u00edmica do cometa e \u00e0 forma como seus gases reagem \u00e0 radia\u00e7\u00e3o solar. A cor azulada\/esverdeada pode indicar a presen\u00e7a de di\u00f3xido de carbono, cianeto, ou compostos como cianog\u00eanio e am\u00f4nia, enquanto a cor vermelha indica a presen\u00e7a de poeira.<\/p>\n<p class=\"texto\"><a target=\"_blank\" rel=\"noopener noreferrer nofollow\" href=\"https:\/\/www.whatsapp.com\/channel\/0029Va8e466AO7RPLL06EL2h\"><strong>Siga nosso canal no WhatsApp e receba em primeira m\u00e3o not\u00edcias relevantes para o seu dia<\/strong><\/a><\/p>\n<p class=\"texto\">O 3I\/ATLAS \u00e9 apenas o terceiro objeto interestelar j\u00e1 detectado, seguindo os passos do enigm\u00e1tico 1I\/?Oumuamua e do mais convencional cometa 2I\/Borisov. Ag\u00eancias espaciais como a NASA e a CNSA continuam a monitor\u00e1-lo, pois cada novo visitante oferece uma oportunidade \u00fanica de estudar a composi\u00e7\u00e3o de outros cantos da gal\u00e1xia.<\/p>\n<p class=\"texto\">Uma ferramenta de IA foi usada para auxiliar na produ\u00e7\u00e3o desta reportagem, sob supervis\u00e3o editorial humana.<\/p>\n","protected":false},"excerpt":{"rendered":"O objeto interestelar 3I\/ATLAS, descoberto em julho desse ano, est\u00e1 desafiando as explica\u00e7\u00f5es dos astr\u00f4nomos ao apresentar um&hellip;\n","protected":false},"author":2,"featured_media":145006,"comment_status":"","ping_status":"","sticky":false,"template":"","format":"standard","meta":{"footnotes":""},"categories":[84],"tags":[443,109,107,108,1008,1149,32,33,105,103,104,2560,106,110],"class_list":{"0":"post-145005","1":"post","2":"type-post","3":"status-publish","4":"format-standard","5":"has-post-thumbnail","7":"category-ciencia-e-tecnologia","8":"tag-astronomia","9":"tag-ciencia","10":"tag-ciencia-e-tecnologia","11":"tag-cienciaetecnologia","12":"tag-espaco","13":"tag-nasa","14":"tag-portugal","15":"tag-pt","16":"tag-science","17":"tag-science-and-technology","18":"tag-scienceandtechnology","19":"tag-sistema-solar","20":"tag-technology","21":"tag-tecnologia"},"share_on_mastodon":{"url":"https:\/\/pubeurope.com\/@pt\/115518029357916953","error":""},"_links":{"self":[{"href":"https:\/\/www.europesays.com\/pt\/wp-json\/wp\/v2\/posts\/145005","targetHints":{"allow":["GET"]}}],"collection":[{"href":"https:\/\/www.europesays.com\/pt\/wp-json\/wp\/v2\/posts"}],"about":[{"href":"https:\/\/www.europesays.com\/pt\/wp-json\/wp\/v2\/types\/post"}],"author":[{"embeddable":true,"href":"https:\/\/www.europesays.com\/pt\/wp-json\/wp\/v2\/users\/2"}],"replies":[{"embeddable":true,"href":"https:\/\/www.europesays.com\/pt\/wp-json\/wp\/v2\/comments?post=145005"}],"version-history":[{"count":0,"href":"https:\/\/www.europesays.com\/pt\/wp-json\/wp\/v2\/posts\/145005\/revisions"}],"wp:featuredmedia":[{"embeddable":true,"href":"https:\/\/www.europesays.com\/pt\/wp-json\/wp\/v2\/media\/145006"}],"wp:attachment":[{"href":"https:\/\/www.europesays.com\/pt\/wp-json\/wp\/v2\/media?parent=145005"}],"wp:term":[{"taxonomy":"category","embeddable":true,"href":"https:\/\/www.europesays.com\/pt\/wp-json\/wp\/v2\/categories?post=145005"},{"taxonomy":"post_tag","embeddable":true,"href":"https:\/\/www.europesays.com\/pt\/wp-json\/wp\/v2\/tags?post=145005"}],"curies":[{"name":"wp","href":"https:\/\/api.w.org\/{rel}","templated":true}]}}